{"id":996,"date":"2023-01-20T15:11:08","date_gmt":"2023-01-20T18:11:08","guid":{"rendered":"https:\/\/sistemafaetsenar.org.br\/faet\/?p=996"},"modified":"2024-01-18T17:41:11","modified_gmt":"2024-01-18T20:41:11","slug":"acoes-da-faet-e-senar-devem-alcancar-mais-de-20-mil-produtores-e-trabalhadores-rurais-em-2023","status":"publish","type":"post","link":"https:\/\/sistemafaetsenar.org.br\/faet\/acoes-da-faet-e-senar-devem-alcancar-mais-de-20-mil-produtores-e-trabalhadores-rurais-em-2023\/","title":{"rendered":"A\u00e7\u00f5es da FAET e Senar devem alcan\u00e7ar mais de 20 mil produtores e trabalhadores rurais em 2023"},"content":{"rendered":"<p>\u201cEste ano vamos trabalhar com os p\u00e9s no ch\u00e3o, com a cautela que o momento exige, mas acreditamos que independente de qualquer coisa, o agro far\u00e1 sua parte que \u00e9 produzir alimentos, gerar emprego, divisas e proporcionar uma vida melhor para o homem do campo; e n\u00f3s do sistema FAET estamos prontos para continuar prestando um trabalho de qualidade, ajudando principalmente o pequeno e m\u00e9dio produtor a alcan\u00e7ar seus objetivos\u201d.<\/p>\n<p>&nbsp;<\/p>\n<p>As palavras s\u00e3o do presidente do sistema FAET\/Senar, Paulo Carneiro, durante pronunciamento na reuni\u00e3o de apresenta\u00e7\u00e3o das metas das entidades rurais para o ano de 2023. O evento realizado no audit\u00f3rio do Sebrae em Palmas, reuniu colaboradores do Senar e da FAET, tanto da sede na capital como tamb\u00e9m das regionais localizadas nas regi\u00f5es sul, sudeste e no Bico do Papagaio.<\/p>\n<p>&nbsp;<\/p>\n<p>A \u00e1rea de assist\u00eancia t\u00e9cnica e gerencial do Senar planeja alcan\u00e7ar mais de 4 mil produtores rurais este ano, prestando servi\u00e7os gratuitos que contribuem para aumentar a produ\u00e7\u00e3o, produtividade e, principalmente, a lucratividade das propriedades rurais assistidas, que atuam nas cadeias de bovinocultura de corte e leite, fruticultura, piscicultura, olericultura, mandiocultura e apicultura. Para isso dever\u00e3o ser feitas mais de 40 mil visitas \u00e0s fazendas assistidas pelo Senar.<\/p>\n<p>&nbsp;<\/p>\n<p>J\u00e1 as a\u00e7\u00f5es do setor de Educa\u00e7\u00e3o Profissional e Promo\u00e7\u00e3o Social devem beneficiar quase 16 mil produtores e trabalhadores rurais, sendo mais de 10 mil com cursos, oficinas, palestras, semin\u00e1rios, dias de campo e outras iniciativas educacionais e mais de 5 mil pessoas nas a\u00e7\u00f5es de promo\u00e7\u00e3o social, como exames preventivos, testes de sa\u00fade entre outros.<\/p>\n<p>&nbsp;<\/p>\n<p><strong>QUEM \u00c9 QUEM<\/strong><\/p>\n<p>&nbsp;<\/p>\n<p>No evento, a superintendente do Senar, Rayley Luzza, tamb\u00e9m fez uma apresenta\u00e7\u00e3o da entidade, tendo em vista que muitos colaboradores iniciaram o trabalho no sistema em 2022. \u201cApresentamos a estrutura do sistema, o papel de cada entidade e como cada uma desenvolve seu trabalho, desde a entidade m\u00e1xima, a Confedera\u00e7\u00e3o da Agricultura e Pecu\u00e1ria do Brasil (CNA), aos 41 sindicatos rurais existentes hoje no estado, que s\u00e3o a ponta do sistema e est\u00e3o pr\u00f3ximos aos produtores nos munic\u00edpios\u201d, destacou.<\/p>\n<p>&nbsp;<\/p>\n<p>As metas para este ano vieram em seguida, mas a superintendente ressaltou que o planejamento levou em considera\u00e7\u00e3o a cautela que o momento exige, por\u00e9m ela acredita que o Tocantins pode surpreender e obter marcas bem mais expressivas que o esperado.<\/p>\n<p>&nbsp;<\/p>\n<p><img decoding=\"async\" class=\"size-full wp-image-993 aligncenter\" src=\"https:\/\/sistemafaetsenar.org.br\/faet\/wp-content\/uploads\/2024\/01\/FAET-SENAR-Sindicatos.png\" alt=\"\" width=\"200\" height=\"61\" \/><\/p>\n<p>&nbsp;<\/p>\n<p>&nbsp;<\/p>\n","protected":false},"excerpt":{"rendered":"<p>\u201cEste ano vamos trabalhar com os p\u00e9s no ch\u00e3o, com a cautela que o momento exige, mas acreditamos que independente de qualquer coisa, o agro far\u00e1 sua parte que \u00e9 produzir alimentos, gerar emprego, divisas e proporcionar uma vida melhor para o homem do campo; e n\u00f3s do sistema FAET estamos prontos para continuar prestando [&hellip;]<\/p>\n","protected":false},"author":3,"featured_media":997,"comment_status":"open","ping_status":"open","sticky":false,"template":"","format":"standard","meta":{"kia_subtitle":"Reuni\u00e3o do sistema apresentou as entidades a novos colaboradores e as metas para o ano","footnotes":""},"categories":[12,40],"tags":[45,43,33,42],"class_list":["post-996","post","type-post","status-publish","format-standard","has-post-thumbnail","hentry","category-agrononegocio","category-capacitacao-rural","tag-cadeias-produtivas","tag-capacitacao-rural","tag-faet","tag-produtor-rural"],"_links":{"self":[{"href":"https:\/\/sistemafaetsenar.org.br\/faet\/wp-json\/wp\/v2\/posts\/996"}],"collection":[{"href":"https:\/\/sistemafaetsenar.org.br\/faet\/wp-json\/wp\/v2\/posts"}],"about":[{"href":"https:\/\/sistemafaetsenar.org.br\/faet\/wp-json\/wp\/v2\/types\/post"}],"author":[{"embeddable":true,"href":"https:\/\/sistemafaetsenar.org.br\/faet\/wp-json\/wp\/v2\/users\/3"}],"replies":[{"embeddable":true,"href":"https:\/\/sistemafaetsenar.org.br\/faet\/wp-json\/wp\/v2\/comments?post=996"}],"version-history":[{"count":0,"href":"https:\/\/sistemafaetsenar.org.br\/faet\/wp-json\/wp\/v2\/posts\/996\/revisions"}],"wp:featuredmedia":[{"embeddable":true,"href":"https:\/\/sistemafaetsenar.org.br\/faet\/wp-json\/wp\/v2\/media\/997"}],"wp:attachment":[{"href":"https:\/\/sistemafaetsenar.org.br\/faet\/wp-json\/wp\/v2\/media?parent=996"}],"wp:term":[{"taxonomy":"category","embeddable":true,"href":"https:\/\/sistemafaetsenar.org.br\/faet\/wp-json\/wp\/v2\/categories?post=996"},{"taxonomy":"post_tag","embeddable":true,"href":"https:\/\/sistemafaetsenar.org.br\/faet\/wp-json\/wp\/v2\/tags?post=996"}],"curies":[{"name":"wp","href":"https:\/\/api.w.org\/{rel}","templated":true}]}}