{"id":992,"date":"2023-01-19T15:03:48","date_gmt":"2023-01-19T18:03:48","guid":{"rendered":"https:\/\/sistemafaetsenar.org.br\/faet\/?p=992"},"modified":"2024-01-18T15:04:16","modified_gmt":"2024-01-18T18:04:16","slug":"diretoria-da-faet-leva-demandas-ao-governo-do-tocantins","status":"publish","type":"post","link":"https:\/\/sistemafaetsenar.org.br\/faet\/diretoria-da-faet-leva-demandas-ao-governo-do-tocantins\/","title":{"rendered":"Diretoria da FAET leva demandas ao governo do Tocantins"},"content":{"rendered":"<p>Liderada pelo presidente Paulo Carneiro, a diretoria da Federa\u00e7\u00e3o da Agricultura e Pecu\u00e1ria do Estado do Tocantins (FAET) esteve em audi\u00eancia com o governador Wanderlei Barbosa para tratar de demandas do setor rural e assuntos de interesse do agroneg\u00f3cio tocantinense. Entre os assuntos, est\u00e3o a tributa\u00e7\u00e3o que est\u00e1 incidindo sobre a produ\u00e7\u00e3o agropecu\u00e1ria, a estrutura log\u00edstica do estado, as licen\u00e7as ambientais, a seguran\u00e7a no campo e as exposi\u00e7\u00f5es agropecu\u00e1rias.<\/p>\n<p>&nbsp;<\/p>\n<blockquote><p>\u201cTivemos uma reuni\u00e3o muito produtiva com a presen\u00e7a de v\u00e1rios secret\u00e1rios de estado al\u00e9m do governador, que tem dado aten\u00e7\u00e3o especial ao nosso setor. Manifestamos nossa preocupa\u00e7\u00e3o com as taxas e tributos que est\u00e3o elevando os custos de produ\u00e7\u00e3o e com a necessidade de investimentos, sobretudo em infraestrutura do estado, e cobramos tamb\u00e9m mais di\u00e1logo com as entidades rurais\u201d, destacou Paulo Carneiro.<\/p>\n<p>&nbsp;<\/p><\/blockquote>\n<p>Ele disse que est\u00e1 confiante nos resultados do encontro porque h\u00e1 disposi\u00e7\u00e3o de ambas as partes em somar esfor\u00e7os pelo fortalecimento do agro no Tocantins.<\/p>\n<p>&nbsp;<\/p>\n<p><strong><u>EQU\u00cdVOCO<\/u><\/strong><\/p>\n<p>&nbsp;<\/p>\n<p>Na reuni\u00e3o, o governador Wanderlei Barbosa explicou \u00e0 diretoria da FAET, que a eleva\u00e7\u00e3o do Fundo Estadual de Transporte (FET) de 0,2% para 1,2%, apesar de impactar o setor, foi a forma de recompor a capacidade de investimento na melhoria das estradas estaduais em fun\u00e7\u00e3o das perdas que o estado teve com o corte do ICMS sobre os combust\u00edveis. \u00c9 que os estados esperavam uma medida compensat\u00f3ria do Governo Federal na gest\u00e3o de Bolsonaro, que acabou n\u00e3o vindo.\u00a0 \u201cCom os recursos do fundo, o governo vai ter condi\u00e7\u00f5es de recuperar as estradas, beneficiando toda a popula\u00e7\u00e3o e tamb\u00e9m o produtor rural\u201d, afirmou o governador.<\/p>\n<p>&nbsp;<\/p>\n<p>Na imprensa circulou a informa\u00e7\u00e3o de que a justificativa do aumento teria sido feita pelo presidente da FAET, quando na verdade as palavras foram do governador aos diretores da entidade. Apesar do equ\u00edvoco, na reuni\u00e3o, Paulo Carneiro chegou a dizer que gerou desgaste no setor e \u00e9 por situa\u00e7\u00f5es como essa que \u00e9 fundamental o Governo do Estado manter um canal de di\u00e1logo com a representa\u00e7\u00e3o do setor produtivo, porque desta forma \u00e9 poss\u00edvel encontrar caminhos negociados para os problemas enfrentados. O governo, por meio da Secretaria da Fazenda Convidou a FAET para participar do grupo gestor do FET para acompanhar as delibera\u00e7\u00f5es dos investimentos que ser\u00e3o definidos com os recursos do fundo.<\/p>\n<p>&nbsp;<\/p>\n<p>Na reuni\u00e3o a FAET tamb\u00e9m reivindicou ao governo que renove conv\u00eanio que permitiu a redu\u00e7\u00e3o da tributa\u00e7\u00e3o sobre a comercializa\u00e7\u00e3o de gado para outros estados de 12% para 4,7%, antes que ela ven\u00e7a &#8211; o benef\u00edcio expira em 28 de fevereiro. Tamb\u00e9m foram tratadas das a\u00e7\u00f5es de patrulhamento e seguran\u00e7a na zona rural, como forma de impedir os casos de furtos e roubos de gado, insumos e maquin\u00e1rio nas fazendas e ainda da agilidade nas licen\u00e7as ambientais. Participaram da reuni\u00e3o os secret\u00e1rios da Fazenda, J\u00falio Edstron; Seguran\u00e7a P\u00fablica, Wlademir Costa; da Agricultura, Jaime Caf\u00e9; do Meio Ambiente; Miyuki Hyashida, do Naturatins, Renato Jaime; al\u00e9m do presidente da Ag\u00eancia Tocantinense de Transportes Obras (Ageto), M\u00e1rcio Pinheiro.<\/p>\n<p>&nbsp;<\/p>\n<p><img decoding=\"async\" class=\"size-full wp-image-993 aligncenter\" src=\"https:\/\/sistemafaetsenar.org.br\/faet\/wp-content\/uploads\/2024\/01\/FAET-SENAR-Sindicatos.png\" alt=\"\" width=\"200\" height=\"61\" \/><\/p>\n","protected":false},"excerpt":{"rendered":"<p>Liderada pelo presidente Paulo Carneiro, a diretoria da Federa\u00e7\u00e3o da Agricultura e Pecu\u00e1ria do Estado do Tocantins (FAET) esteve em audi\u00eancia com o governador Wanderlei Barbosa para tratar de demandas do setor rural e assuntos de interesse do agroneg\u00f3cio tocantinense. Entre os assuntos, est\u00e3o a tributa\u00e7\u00e3o que est\u00e1 incidindo sobre a produ\u00e7\u00e3o agropecu\u00e1ria, a estrutura [&hellip;]<\/p>\n","protected":false},"author":3,"featured_media":994,"comment_status":"open","ping_status":"open","sticky":false,"template":"","format":"standard","meta":{"kia_subtitle":"Federa\u00e7\u00e3o destaca equ\u00edvoco com fala do presidente","footnotes":""},"categories":[12,14,15],"tags":[37,38,39],"class_list":["post-992","post","type-post","status-publish","format-standard","has-post-thumbnail","hentry","category-agrononegocio","category-diretoria","category-faet","tag-logistica","tag-tocantins","tag-tributacao"],"_links":{"self":[{"href":"https:\/\/sistemafaetsenar.org.br\/faet\/wp-json\/wp\/v2\/posts\/992"}],"collection":[{"href":"https:\/\/sistemafaetsenar.org.br\/faet\/wp-json\/wp\/v2\/posts"}],"about":[{"href":"https:\/\/sistemafaetsenar.org.br\/faet\/wp-json\/wp\/v2\/types\/post"}],"author":[{"embeddable":true,"href":"https:\/\/sistemafaetsenar.org.br\/faet\/wp-json\/wp\/v2\/users\/3"}],"replies":[{"embeddable":true,"href":"https:\/\/sistemafaetsenar.org.br\/faet\/wp-json\/wp\/v2\/comments?post=992"}],"version-history":[{"count":0,"href":"https:\/\/sistemafaetsenar.org.br\/faet\/wp-json\/wp\/v2\/posts\/992\/revisions"}],"wp:featuredmedia":[{"embeddable":true,"href":"https:\/\/sistemafaetsenar.org.br\/faet\/wp-json\/wp\/v2\/media\/994"}],"wp:attachment":[{"href":"https:\/\/sistemafaetsenar.org.br\/faet\/wp-json\/wp\/v2\/media?parent=992"}],"wp:term":[{"taxonomy":"category","embeddable":true,"href":"https:\/\/sistemafaetsenar.org.br\/faet\/wp-json\/wp\/v2\/categories?post=992"},{"taxonomy":"post_tag","embeddable":true,"href":"https:\/\/sistemafaetsenar.org.br\/faet\/wp-json\/wp\/v2\/tags?post=992"}],"curies":[{"name":"wp","href":"https:\/\/api.w.org\/{rel}","templated":true}]}}