{"id":4055,"date":"2026-04-30T15:47:28","date_gmt":"2026-04-30T18:47:28","guid":{"rendered":"https:\/\/sistemafaetsenar.org.br\/faet\/?p=4055"},"modified":"2026-04-30T15:47:28","modified_gmt":"2026-04-30T18:47:28","slug":"faet-realiza-reuniao-com-sindicatos-rurais-e-apresenta-acoes-do-primeiro-trimestre","status":"publish","type":"post","link":"https:\/\/sistemafaetsenar.org.br\/faet\/faet-realiza-reuniao-com-sindicatos-rurais-e-apresenta-acoes-do-primeiro-trimestre\/","title":{"rendered":"FAET realiza reuni\u00e3o com Sindicatos Rurais e apresenta a\u00e7\u00f5es do primeiro trimestre"},"content":{"rendered":"<p>A FAET promoveu nesta quarta-feira, 29\/04, reuni\u00e3o com os Sindicatos Rurais do estado com foco na articula\u00e7\u00e3o institucional, jur\u00eddica e t\u00e9cnica, apresentando as principais a\u00e7\u00f5es desenvolvidas ao longo do primeiro trimestre de 2026.<\/p>\n<p>&nbsp;<\/p>\n<p>Durante o encontro, foram discutidas pautas estrat\u00e9gicas para o setor produtivo, com destaque para temas que impactam diretamente a atividade agropecu\u00e1ria no Tocantins.<\/p>\n<p>&nbsp;<\/p>\n<p>Entre os principais pontos abordados esteve o programa REDD+ (Rede Mais), especialmente no que se refere \u00e0 sua situa\u00e7\u00e3o jur\u00eddica. Foi informado que oito entidades,\u00a0 incluindo FAET, AProSoja e sindicatos rurais, ingressaram com uma a\u00e7\u00e3o civil p\u00fablica no dia 25 de mar\u00e7o de 2026.<\/p>\n<p>A a\u00e7\u00e3o solicita, em car\u00e1ter liminar, a suspens\u00e3o imediata da comercializa\u00e7\u00e3o dos cr\u00e9ditos de carbono, sob alega\u00e7\u00e3o de ilegalidades e inconstitucionalidades. O processo aguarda manifesta\u00e7\u00e3o do Minist\u00e9rio P\u00fablico Estadual e decis\u00e3o judicial.<\/p>\n<p>&nbsp;<\/p>\n<p>Outro tema relevante foi o Zoneamento Ecol\u00f3gico-Econ\u00f4mico (ZEE). A expectativa \u00e9 que o debate seja retomado com nova rodada de discuss\u00f5es coordenadas pela Secretaria de Planejamento.<\/p>\n<p>&nbsp;<\/p>\n<p>Na \u00e1rea da pecu\u00e1ria, foi apresentado o programa de rastreabilidade bovina, no \u00e2mbito do Plano Nacional de Identifica\u00e7\u00e3o Individual de Bovinos e Bubalinos (PENIBE). A iniciativa visa implementar a identifica\u00e7\u00e3o individual dos animais, fortalecendo o controle sanit\u00e1rio, a rastreabilidade e a competitividade do setor, especialmente no mercado internacional. Tamb\u00e9m foram detalhadas tecnologias como brincos visuais e eletr\u00f4nicos, al\u00e9m de dispositivos de leitura que podem incluir desde equipamentos especializados at\u00e9 aplicativos m\u00f3veis.<\/p>\n<p>&nbsp;<\/p>\n<p>A reuni\u00e3o tamb\u00e9m tratou das brigadas municipais de combate a inc\u00eandios florestais. O tema refor\u00e7a a necessidade de a\u00e7\u00f5es pr\u00e1ticas e estruturadas nos munic\u00edpios.<\/p>\n<p>&nbsp;<\/p>\n<p>Por fim, foi debatida a atua\u00e7\u00e3o nos comit\u00eas de bacia hidrogr\u00e1fica, especialmente no contexto da cobran\u00e7a pelo uso da \u00e1gua, j\u00e1 regulamentada no estado. Foi destacado o papel estrat\u00e9gico desses comit\u00eas na defini\u00e7\u00e3o de prioridades e gest\u00e3o de recursos, que podem alcan\u00e7ar valores significativos, como na bacia do Formoso\/Araguaia, com previs\u00e3o de aproximadamente R$ 8 milh\u00f5es anuais. A orienta\u00e7\u00e3o \u00e9 para que os sindicatos garantam participa\u00e7\u00e3o ativa nesses espa\u00e7os, assegurando a representatividade do setor produtivo.<\/p>\n<p>&nbsp;<\/p>\n<p>Encaminhamentos<\/p>\n<p>&nbsp;<\/p>\n<p>Ao final do encontro, foram definidos os seguintes encaminhamentos:<\/p>\n<p>&nbsp;<\/p>\n<p>-Acompanhamento da a\u00e7\u00e3o judicial relacionada ao REDD+, com aten\u00e7\u00e3o \u00e0 manifesta\u00e7\u00e3o do Minist\u00e9rio P\u00fablico e decis\u00e3o liminar;<\/p>\n<p>-Elabora\u00e7\u00e3o de material de comunica\u00e7\u00e3o para orientar produtores sobre o programa;<\/p>\n<p>-Indica\u00e7\u00e3o de representantes e forma\u00e7\u00e3o de grupo t\u00e9cnico para discuss\u00e3o do ZEE;<\/p>\n<p>-Realiza\u00e7\u00e3o de palestras, capacita\u00e7\u00f5es e projetos piloto sobre rastreabilidade bovina;<\/p>\n<p>-Envio de of\u00edcios orientadores e levantamento das condi\u00e7\u00f5es das brigadas municipais;<\/p>\n<p>-Mobiliza\u00e7\u00e3o dos sindicatos para participa\u00e7\u00e3o ativa nos comit\u00eas de bacia e indica\u00e7\u00e3o de representantes.<\/p>\n","protected":false},"excerpt":{"rendered":"<p>A FAET promoveu nesta quarta-feira, 29\/04, reuni\u00e3o com os Sindicatos Rurais do estado com foco na articula\u00e7\u00e3o institucional, jur\u00eddica e t\u00e9cnica, apresentando as principais a\u00e7\u00f5es desenvolvidas ao longo do primeiro trimestre de 2026. &nbsp; Durante o encontro, foram discutidas pautas estrat\u00e9gicas para o setor produtivo, com destaque para temas que impactam diretamente a atividade agropecu\u00e1ria [&hellip;]<\/p>\n","protected":false},"author":3,"featured_media":4057,"comment_status":"open","ping_status":"open","sticky":false,"template":"","format":"standard","meta":{"kia_subtitle":"","footnotes":""},"categories":[26],"tags":[],"class_list":["post-4055","post","type-post","status-publish","format-standard","has-post-thumbnail","hentry","category-noticia-principal"],"_links":{"self":[{"href":"https:\/\/sistemafaetsenar.org.br\/faet\/wp-json\/wp\/v2\/posts\/4055"}],"collection":[{"href":"https:\/\/sistemafaetsenar.org.br\/faet\/wp-json\/wp\/v2\/posts"}],"about":[{"href":"https:\/\/sistemafaetsenar.org.br\/faet\/wp-json\/wp\/v2\/types\/post"}],"author":[{"embeddable":true,"href":"https:\/\/sistemafaetsenar.org.br\/faet\/wp-json\/wp\/v2\/users\/3"}],"replies":[{"embeddable":true,"href":"https:\/\/sistemafaetsenar.org.br\/faet\/wp-json\/wp\/v2\/comments?post=4055"}],"version-history":[{"count":1,"href":"https:\/\/sistemafaetsenar.org.br\/faet\/wp-json\/wp\/v2\/posts\/4055\/revisions"}],"predecessor-version":[{"id":4058,"href":"https:\/\/sistemafaetsenar.org.br\/faet\/wp-json\/wp\/v2\/posts\/4055\/revisions\/4058"}],"wp:featuredmedia":[{"embeddable":true,"href":"https:\/\/sistemafaetsenar.org.br\/faet\/wp-json\/wp\/v2\/media\/4057"}],"wp:attachment":[{"href":"https:\/\/sistemafaetsenar.org.br\/faet\/wp-json\/wp\/v2\/media?parent=4055"}],"wp:term":[{"taxonomy":"category","embeddable":true,"href":"https:\/\/sistemafaetsenar.org.br\/faet\/wp-json\/wp\/v2\/categories?post=4055"},{"taxonomy":"post_tag","embeddable":true,"href":"https:\/\/sistemafaetsenar.org.br\/faet\/wp-json\/wp\/v2\/tags?post=4055"}],"curies":[{"name":"wp","href":"https:\/\/api.w.org\/{rel}","templated":true}]}}