{"id":4050,"date":"2026-04-29T09:54:15","date_gmt":"2026-04-29T12:54:15","guid":{"rendered":"https:\/\/sistemafaetsenar.org.br\/faet\/?p=4050"},"modified":"2026-04-29T09:55:47","modified_gmt":"2026-04-29T12:55:47","slug":"agronegocio-impulsiona-crescimento-da-balanca-comercial-do-tocantins-no-inicio-de-2026","status":"publish","type":"post","link":"https:\/\/sistemafaetsenar.org.br\/faet\/agronegocio-impulsiona-crescimento-da-balanca-comercial-do-tocantins-no-inicio-de-2026\/","title":{"rendered":"Agroneg\u00f3cio impulsiona crescimento da balan\u00e7a comercial do Tocantins no in\u00edcio de 2026"},"content":{"rendered":"<p>O desempenho da balan\u00e7a comercial do Tocantins apresentou avan\u00e7o significativo no in\u00edcio de 2026, com destaque para a for\u00e7a do agroneg\u00f3cio na sustenta\u00e7\u00e3o dos resultados. De acordo com an\u00e1lises da assessoria t\u00e9cnica da FAET, que ser\u00e3o divulgadas no boletim AgroFAET, o estado registrou crescimento nas exporta\u00e7\u00f5es no comparativo com o mesmo per\u00edodo do ano anterior.<\/p>\n<p>&nbsp;<\/p>\n<p>No acumulado de janeiro e fevereiro de 2026, as exporta\u00e7\u00f5es tocantinenses somaram US$ 279,6 milh\u00f5es, frente aos US$ 234,2 milh\u00f5es registrados no mesmo per\u00edodo de 2025: um aumento de 19,4%. Segundo o boletim, o agroneg\u00f3cio manteve papel central nesse desempenho, respondendo por grande parte das vendas externas.<\/p>\n<p>&nbsp;<\/p>\n<p>Ainda conforme o levantamento, as exporta\u00e7\u00f5es do setor agropecu\u00e1rio totalizaram US$ 224,8 milh\u00f5es nos dois primeiros meses de 2026, ante US$ 201,8 milh\u00f5es no mesmo intervalo do ano anterior, o que representa um crescimento de 11,4%.<\/p>\n<p>&nbsp;<\/p>\n<p><strong>Mudan\u00e7a no perfil das exporta\u00e7\u00f5es<\/strong><\/p>\n<p>De acordo com o boletim AgroFAET, a pauta exportadora do agroneg\u00f3cio tocantinense apresentou uma altera\u00e7\u00e3o na lideran\u00e7a dos produtos exportados. Diferentemente do padr\u00e3o observado ao longo dos \u00faltimos anos, o setor de carnes assumiu a principal posi\u00e7\u00e3o nas exporta\u00e7\u00f5es no per\u00edodo analisado.<\/p>\n<p>&nbsp;<\/p>\n<p>As carnes responderam por aproximadamente 42,8% do valor exportado, com destaque para a carne bovina in natura, que movimentou cerca de US$ 92,5 milh\u00f5es. A an\u00e1lise t\u00e9cnica aponta que esse movimento indica uma din\u00e2mica moment\u00e2nea de mercado, com maior protagonismo da prote\u00edna animal.<\/p>\n<p>&nbsp;<\/p>\n<p>J\u00e1 o Complexo Soja, tradicionalmente l\u00edder nas exporta\u00e7\u00f5es do estado, representou cerca de 23,1% do total exportado, somando aproximadamente US$ 51,9 milh\u00f5es. Segundo o boletim, apesar da redu\u00e7\u00e3o relativa na participa\u00e7\u00e3o, a soja segue como um dos principais produtos da pauta exportadora tocantinense.<\/p>\n<p>&nbsp;<\/p>\n<p>Outros segmentos tamb\u00e9m tiveram participa\u00e7\u00e3o relevante no per\u00edodo, como a exporta\u00e7\u00e3o de bovinos vivos (12,5%) e o milho (10,6%), al\u00e9m de produtos como feij\u00e3o, algod\u00e3o e derivados industriais de origem animal e vegetal.<\/p>\n<p>&nbsp;<\/p>\n<p><strong>China lidera como principal destino<\/strong><\/p>\n<p>No que se refere aos mercados compradores, a China manteve a lideran\u00e7a como principal destino das exporta\u00e7\u00f5es do Tocantins. De acordo com os dados analisados pela assessoria t\u00e9cnica da FAET, o pa\u00eds asi\u00e1tico respondeu por US$ 101,8 milh\u00f5es em compras no acumulado de janeiro e fevereiro de 2026, o equivalente a 36,4% de tudo que foi exportado pelo estado, considerando todos os setores da economia.<\/p>\n<p>&nbsp;<\/p>\n<p><strong>Concentra\u00e7\u00e3o regional das exporta\u00e7\u00f5es<\/strong><\/p>\n<p>O boletim tamb\u00e9m evidencia a concentra\u00e7\u00e3o das exporta\u00e7\u00f5es em alguns polos produtivos do estado. Entre os munic\u00edpios com maior participa\u00e7\u00e3o est\u00e3o Aragua\u00edna (13,7%), Gurupi (11,3%) e Para\u00edso do Tocantins (10,7%).<\/p>\n<p>&nbsp;<\/p>\n<p>Ao considerar os cinco principais munic\u00edpios exportadores, incluindo Porto Nacional, a concentra\u00e7\u00e3o chega a aproximadamente 64,5% do total exportado. Segundo a an\u00e1lise, esse cen\u00e1rio demonstra uma depend\u00eancia significativa de poucos centros produtivos, o que pode indicar oportunidades para diversifica\u00e7\u00e3o regional da produ\u00e7\u00e3o e das exporta\u00e7\u00f5es.<\/p>\n","protected":false},"excerpt":{"rendered":"<p>O desempenho da balan\u00e7a comercial do Tocantins apresentou avan\u00e7o significativo no in\u00edcio de 2026, com destaque para a for\u00e7a do agroneg\u00f3cio na sustenta\u00e7\u00e3o dos resultados. De acordo com an\u00e1lises da assessoria t\u00e9cnica da FAET, que ser\u00e3o divulgadas no boletim AgroFAET, o estado registrou crescimento nas exporta\u00e7\u00f5es no comparativo com o mesmo per\u00edodo do ano anterior. [&hellip;]<\/p>\n","protected":false},"author":3,"featured_media":4053,"comment_status":"open","ping_status":"open","sticky":false,"template":"","format":"standard","meta":{"kia_subtitle":"","footnotes":""},"categories":[26],"tags":[],"class_list":["post-4050","post","type-post","status-publish","format-standard","has-post-thumbnail","hentry","category-noticia-principal"],"_links":{"self":[{"href":"https:\/\/sistemafaetsenar.org.br\/faet\/wp-json\/wp\/v2\/posts\/4050"}],"collection":[{"href":"https:\/\/sistemafaetsenar.org.br\/faet\/wp-json\/wp\/v2\/posts"}],"about":[{"href":"https:\/\/sistemafaetsenar.org.br\/faet\/wp-json\/wp\/v2\/types\/post"}],"author":[{"embeddable":true,"href":"https:\/\/sistemafaetsenar.org.br\/faet\/wp-json\/wp\/v2\/users\/3"}],"replies":[{"embeddable":true,"href":"https:\/\/sistemafaetsenar.org.br\/faet\/wp-json\/wp\/v2\/comments?post=4050"}],"version-history":[{"count":1,"href":"https:\/\/sistemafaetsenar.org.br\/faet\/wp-json\/wp\/v2\/posts\/4050\/revisions"}],"predecessor-version":[{"id":4052,"href":"https:\/\/sistemafaetsenar.org.br\/faet\/wp-json\/wp\/v2\/posts\/4050\/revisions\/4052"}],"wp:featuredmedia":[{"embeddable":true,"href":"https:\/\/sistemafaetsenar.org.br\/faet\/wp-json\/wp\/v2\/media\/4053"}],"wp:attachment":[{"href":"https:\/\/sistemafaetsenar.org.br\/faet\/wp-json\/wp\/v2\/media?parent=4050"}],"wp:term":[{"taxonomy":"category","embeddable":true,"href":"https:\/\/sistemafaetsenar.org.br\/faet\/wp-json\/wp\/v2\/categories?post=4050"},{"taxonomy":"post_tag","embeddable":true,"href":"https:\/\/sistemafaetsenar.org.br\/faet\/wp-json\/wp\/v2\/tags?post=4050"}],"curies":[{"name":"wp","href":"https:\/\/api.w.org\/{rel}","templated":true}]}}