{"id":4047,"date":"2026-04-24T15:29:03","date_gmt":"2026-04-24T18:29:03","guid":{"rendered":"https:\/\/sistemafaetsenar.org.br\/faet\/?p=4047"},"modified":"2026-04-24T15:29:03","modified_gmt":"2026-04-24T18:29:03","slug":"faet-prestigia-abertura-da-expoagro-miracema-que-marca-inicio-do-calendario-de-exposicoes-agropecuarias-no-tocantins","status":"publish","type":"post","link":"https:\/\/sistemafaetsenar.org.br\/faet\/faet-prestigia-abertura-da-expoagro-miracema-que-marca-inicio-do-calendario-de-exposicoes-agropecuarias-no-tocantins\/","title":{"rendered":"FAET prestigia abertura da ExpoAgro Miracema, que marca in\u00edcio do calend\u00e1rio de exposi\u00e7\u00f5es agropecu\u00e1rias no Tocantins"},"content":{"rendered":"<p data-start=\"203\" data-end=\"543\">A Federa\u00e7\u00e3o da Agricultura e Pecu\u00e1ria do Estado do Tocantins (FAET) participou da abertura da ExpoAgro de Miracema, evento que d\u00e1 o pontap\u00e9 inicial no calend\u00e1rio de exposi\u00e7\u00f5es agropecu\u00e1rias do estado em 2026. Ao longo do ano, est\u00e3o previstas a realiza\u00e7\u00e3o de 32 feiras, fortalecendo o setor produtivo e promovendo o desenvolvimento regional.<\/p>\n<p data-start=\"203\" data-end=\"543\">\n<p data-start=\"545\" data-end=\"852\">O\u00a0 presidente Paulo Carneiro esteve presente na abertura oficial e acompanhou o in\u00edcio do rodeio, um dos momentos mais aguardados da programa\u00e7\u00e3o. Para ele, as exposi\u00e7\u00f5es agropecu\u00e1rias desempenham um papel fundamental na valoriza\u00e7\u00e3o do produtor rural e na movimenta\u00e7\u00e3o da economia local.<\/p>\n<p data-start=\"545\" data-end=\"852\">\n<p data-start=\"854\" data-end=\"1094\">\u201cMesmo diante de um ano desafiador para o produtor, as feiras seguem sendo espa\u00e7os importantes de integra\u00e7\u00e3o, troca de conhecimento e gera\u00e7\u00e3o de oportunidades. Elas fortalecem o agro e aproximam a sociedade do campo\u201d, destacou o presidente.<\/p>\n<p data-start=\"854\" data-end=\"1094\">\n<p data-start=\"1096\" data-end=\"1328\">A abertura da ExpoAgro Miracema contou ainda com a presen\u00e7a de autoridades locais, lideran\u00e7as do setor agropecu\u00e1rio, produtores rurais e a comunidade em geral, refor\u00e7ando a relev\u00e2ncia do evento para o munic\u00edpio e para todo o estado.<\/p>\n<p data-start=\"1096\" data-end=\"1328\">\n<p data-start=\"1330\" data-end=\"1567\">\n","protected":false},"excerpt":{"rendered":"<p>A Federa\u00e7\u00e3o da Agricultura e Pecu\u00e1ria do Estado do Tocantins (FAET) participou da abertura da ExpoAgro de Miracema, evento que d\u00e1 o pontap\u00e9 inicial no calend\u00e1rio de exposi\u00e7\u00f5es agropecu\u00e1rias do estado em 2026. Ao longo do ano, est\u00e3o previstas a realiza\u00e7\u00e3o de 32 feiras, fortalecendo o setor produtivo e promovendo o desenvolvimento regional. O\u00a0 presidente [&hellip;]<\/p>\n","protected":false},"author":3,"featured_media":4048,"comment_status":"open","ping_status":"open","sticky":false,"template":"","format":"standard","meta":{"kia_subtitle":"","footnotes":""},"categories":[26],"tags":[],"class_list":["post-4047","post","type-post","status-publish","format-standard","has-post-thumbnail","hentry","category-noticia-principal"],"_links":{"self":[{"href":"https:\/\/sistemafaetsenar.org.br\/faet\/wp-json\/wp\/v2\/posts\/4047"}],"collection":[{"href":"https:\/\/sistemafaetsenar.org.br\/faet\/wp-json\/wp\/v2\/posts"}],"about":[{"href":"https:\/\/sistemafaetsenar.org.br\/faet\/wp-json\/wp\/v2\/types\/post"}],"author":[{"embeddable":true,"href":"https:\/\/sistemafaetsenar.org.br\/faet\/wp-json\/wp\/v2\/users\/3"}],"replies":[{"embeddable":true,"href":"https:\/\/sistemafaetsenar.org.br\/faet\/wp-json\/wp\/v2\/comments?post=4047"}],"version-history":[{"count":0,"href":"https:\/\/sistemafaetsenar.org.br\/faet\/wp-json\/wp\/v2\/posts\/4047\/revisions"}],"wp:featuredmedia":[{"embeddable":true,"href":"https:\/\/sistemafaetsenar.org.br\/faet\/wp-json\/wp\/v2\/media\/4048"}],"wp:attachment":[{"href":"https:\/\/sistemafaetsenar.org.br\/faet\/wp-json\/wp\/v2\/media?parent=4047"}],"wp:term":[{"taxonomy":"category","embeddable":true,"href":"https:\/\/sistemafaetsenar.org.br\/faet\/wp-json\/wp\/v2\/categories?post=4047"},{"taxonomy":"post_tag","embeddable":true,"href":"https:\/\/sistemafaetsenar.org.br\/faet\/wp-json\/wp\/v2\/tags?post=4047"}],"curies":[{"name":"wp","href":"https:\/\/api.w.org\/{rel}","templated":true}]}}