{"id":4036,"date":"2026-04-22T09:14:52","date_gmt":"2026-04-22T12:14:52","guid":{"rendered":"https:\/\/sistemafaetsenar.org.br\/faet\/?p=4036"},"modified":"2026-04-22T09:16:04","modified_gmt":"2026-04-22T12:16:04","slug":"entidades-do-agro-tocantinense-apresentam-proposta-de-pacto-de-gestao-a-pre-candidatos","status":"publish","type":"post","link":"https:\/\/sistemafaetsenar.org.br\/faet\/entidades-do-agro-tocantinense-apresentam-proposta-de-pacto-de-gestao-a-pre-candidatos\/","title":{"rendered":"Entidades do agro tocantinense apresentam proposta de pacto de gest\u00e3o a pr\u00e9-candidatos"},"content":{"rendered":"<p>Lideran\u00e7as da FAET, Aprosoja, ADSTO, ATNP, COAPA, OCB\/TO e Sindicatos Rurais entregam pacto de governan\u00e7a e exigem assento nas decis\u00f5es estrat\u00e9gicas do Estado.<\/p>\n<p>&nbsp;<\/p>\n<p>O agroneg\u00f3cio do Tocantins quer mais representatividade na arena pol\u00edtica. Em uma mobiliza\u00e7\u00e3o conjunta sem precedentes, as principais entidades de classe do setor \u2014FAET, Aprosoja, ADSTO, ATNP, COAPA, OCB\/TO e Sindicatos Rurais \u2014 reuniram-se com a pr\u00e9-candidata ao Governo, Senadora Dorinha, e com o Senador Eduardo Gomes, candidato \u00e0 reelei\u00e7\u00e3o. O objetivo foi entregar uma proposta de Pacto pelo Desenvolvimento Produtivo do Tocantins, documento que condiciona o apoio do setor \u00e0 participa\u00e7\u00e3o direta na gest\u00e3o p\u00fablica.<\/p>\n<p>&nbsp;<\/p>\n<p>O movimento destaca a for\u00e7a econ\u00f4mica do campo como argumento para a ocupa\u00e7\u00e3o de espa\u00e7os pol\u00edticos. Paulo Carneiro, presidente da FAET, sublinhou que a uni\u00e3o das entidades \u00e9 um marco hist\u00f3rico. \u201cO setor responde por mais de 70% do PIB estadual. Pela nossa relev\u00e2ncia econ\u00f4mica e social merecemos espa\u00e7o e representatividade nas tomadas de decis\u00e3o\u201d, afirmou o presidente da Federa\u00e7\u00e3o.<\/p>\n<p>&nbsp;<\/p>\n<p>Complementando a vis\u00e3o da FAET, Arnardino Gabriel, presidente da ADSTO, destacou que o agro abandonou a postura passiva. \u201cO setor n\u00e3o pode mais ficar apenas &#8216;dentro da porteira&#8217; cuidando da atividade e assistindo a interfer\u00eancias do setor p\u00fablico que nos prejudicam. O agro quer ter voz e vez em um futuro governo\u201d, pontuou.<\/p>\n<p>&nbsp;<\/p>\n<p>Em nome dos presidentes de sindicatos rurais, Chic\u00e3o Tozzatti, presidente do SR de Dois Irm\u00e3os, afirmou que as entidades conhecem as dificuldades do setor produtivo, por isso, segundo ele, dar aten\u00e7\u00e3o ao setor \u00e9 pensar o Tocantins estrategicamente.<\/p>\n<p>&nbsp;<\/p>\n<p>O Fim da Inseguran\u00e7a Jur\u00eddica e Fiscal<\/p>\n<p>&nbsp;<\/p>\n<p>Para as entidades, a uni\u00e3o \u00e9 a \u00fanica ferramenta capaz de frear problemas cr\u00f4nicos como a inseguran\u00e7a jur\u00eddica. Ricardo Khouri, que preside a COAPA e a OCB\/TO, destacou que os gargalos em \u00e1reas como a fundi\u00e1ria exigem uma resposta articulada. \u201cEstamos assistindo invas\u00f5es de propriedades que mesmo com decis\u00f5es de reintegra\u00e7\u00e3o de posse o problema continua\u201d.<\/p>\n<p>&nbsp;<\/p>\n<p>No campo dos tributos, a Aprosoja Tocantins, representada pela presidente Caroline Barcellos, deixou claro que o segmento est\u00e1 vigilante, mas precisa ter condi\u00e7\u00f5es de influenciar nas decis\u00f5es. \u201cPrecisamos acompanhar e interferir antes que as a\u00e7\u00f5es do poder p\u00fablico prejudiquem a viabilidade das nossas atividades. O setor precisa estar pr\u00f3ximo\u201d, alertou.<\/p>\n<p>&nbsp;<\/p>\n<p>C\u00e2mara T\u00e9cnica: O Novo Modelo de Gest\u00e3o<\/p>\n<p>&nbsp;<\/p>\n<p>O principal \u00edtem da proposta das entidades rurais \u00e9 a cria\u00e7\u00e3o de uma C\u00e2mara T\u00e9cnica de Desenvolvimento Produtivo. O \u00f3rg\u00e3o, composto pelos signat\u00e1rios do pacto, funcionaria como uma inst\u00e2ncia de valida\u00e7\u00e3o para pol\u00edticas p\u00fablicas, inclusive com o compromisso dos pr\u00e9-candidatos de consultarem as entidades para a indica\u00e7\u00e3o de gestores t\u00e9cnicos em pastas como Agricultura, Meio Ambiente e Fazenda.<\/p>\n<p>&nbsp;<\/p>\n<p>A Rea\u00e7\u00e3o dos Pr\u00e9-Candidatos<\/p>\n<p>&nbsp;<\/p>\n<p>A Senadora Dorinha, pr\u00e9-candidata ao governo, acolheu as demandas e assinou o documento. Segundo ela, o modelo de conselho t\u00e9cnico participativo est\u00e1 alinhado ao seu modelo de gest\u00e3o. &#8220;Governar com quem entende da realidade produtiva \u00e9 o caminho para o Tocantins continuar crescendo&#8221;, declarou.<\/p>\n<p>&nbsp;<\/p>\n<p>J\u00e1 o Senador Eduardo Gomes, que pretende buscar a reelei\u00e7\u00e3o, destacou que sua atua\u00e7\u00e3o no Congresso \u00e9 de vigil\u00e2ncia hist\u00f3rica pelas pautas do agro e ressaltou a import\u00e2ncia da Uni\u00e3o voltar a ter um governo que compreenda e aja em benef\u00edcio do desenvolvimento rural.<\/p>\n<p>&nbsp;<\/p>\n<p>Entidades Signat\u00e1rias do Pacto:<br \/>\n\u2022 FAET (Federa\u00e7\u00e3o da Agricultura e Pecu\u00e1ria do Tocantins)<br \/>\n\u2022 Aprosoja Tocantins (Associa\u00e7\u00e3o dos Produtores de Soja)<br \/>\n\u2022 ADSTO (Associa\u00e7\u00e3o para o Desenvolvimento Sustent\u00e1vel do Tocantins)<br \/>\n\u2022 COAPA (Cooperativa Agroindustrial do Tocantins)<br \/>\n\u2022 OCB\/TO (Sindicato e Organiza\u00e7\u00e3o das Cooperativas Brasileiras no Tocantins)<br \/>\n\u2022 Associa\u00e7\u00e3o Tocantinense Novilho Precoce (ATNP)<br \/>\n\u2022 Fr\u00edsia Cooperativa Agroindustrial<br \/>\n\u2022 Presidentes de Sindicatos Rurais do Estado do Tocantins.<\/p>\n","protected":false},"excerpt":{"rendered":"<p>Lideran\u00e7as da FAET, Aprosoja, ADSTO, ATNP, COAPA, OCB\/TO e Sindicatos Rurais entregam pacto de governan\u00e7a e exigem assento nas decis\u00f5es estrat\u00e9gicas do Estado. &nbsp; O agroneg\u00f3cio do Tocantins quer mais representatividade na arena pol\u00edtica. Em uma mobiliza\u00e7\u00e3o conjunta sem precedentes, as principais entidades de classe do setor \u2014FAET, Aprosoja, ADSTO, ATNP, COAPA, OCB\/TO e Sindicatos [&hellip;]<\/p>\n","protected":false},"author":3,"featured_media":4037,"comment_status":"open","ping_status":"open","sticky":false,"template":"","format":"standard","meta":{"kia_subtitle":"","footnotes":""},"categories":[26],"tags":[],"class_list":["post-4036","post","type-post","status-publish","format-standard","has-post-thumbnail","hentry","category-noticia-principal"],"_links":{"self":[{"href":"https:\/\/sistemafaetsenar.org.br\/faet\/wp-json\/wp\/v2\/posts\/4036"}],"collection":[{"href":"https:\/\/sistemafaetsenar.org.br\/faet\/wp-json\/wp\/v2\/posts"}],"about":[{"href":"https:\/\/sistemafaetsenar.org.br\/faet\/wp-json\/wp\/v2\/types\/post"}],"author":[{"embeddable":true,"href":"https:\/\/sistemafaetsenar.org.br\/faet\/wp-json\/wp\/v2\/users\/3"}],"replies":[{"embeddable":true,"href":"https:\/\/sistemafaetsenar.org.br\/faet\/wp-json\/wp\/v2\/comments?post=4036"}],"version-history":[{"count":0,"href":"https:\/\/sistemafaetsenar.org.br\/faet\/wp-json\/wp\/v2\/posts\/4036\/revisions"}],"wp:featuredmedia":[{"embeddable":true,"href":"https:\/\/sistemafaetsenar.org.br\/faet\/wp-json\/wp\/v2\/media\/4037"}],"wp:attachment":[{"href":"https:\/\/sistemafaetsenar.org.br\/faet\/wp-json\/wp\/v2\/media?parent=4036"}],"wp:term":[{"taxonomy":"category","embeddable":true,"href":"https:\/\/sistemafaetsenar.org.br\/faet\/wp-json\/wp\/v2\/categories?post=4036"},{"taxonomy":"post_tag","embeddable":true,"href":"https:\/\/sistemafaetsenar.org.br\/faet\/wp-json\/wp\/v2\/tags?post=4036"}],"curies":[{"name":"wp","href":"https:\/\/api.w.org\/{rel}","templated":true}]}}