{"id":3953,"date":"2026-03-11T14:48:55","date_gmt":"2026-03-11T17:48:55","guid":{"rendered":"https:\/\/sistemafaetsenar.org.br\/faet\/?p=3953"},"modified":"2026-03-11T14:56:31","modified_gmt":"2026-03-11T17:56:31","slug":"sistema-faet-senar-acompanha-lancamento-da-agenda-legislativa-do-agro-2026","status":"publish","type":"post","link":"https:\/\/sistemafaetsenar.org.br\/faet\/sistema-faet-senar-acompanha-lancamento-da-agenda-legislativa-do-agro-2026\/","title":{"rendered":"Sistema FAET\/Senar acompanha lan\u00e7amento da Agenda Legislativa do Agro 2026"},"content":{"rendered":"<p>A Confedera\u00e7\u00e3o da Agricultura e Pecu\u00e1ria do Brasil lan\u00e7ou, na quarta-feira (11), em sess\u00e3o solene no plen\u00e1rio da C\u00e2mara dos Deputados, a Agenda Legislativa do Agro 2026, documento que re\u00fane a an\u00e1lise de 100 proposi\u00e7\u00f5es que tramitam no Congresso Nacional e impactam diretamente a vida dos produtores rurais.<\/p>\n<p>&nbsp;<\/p>\n<p>O evento contou com a presen\u00e7a de lideran\u00e7as do agro de todo o pa\u00eds. Representando o Sistema FAET\/Senar, participaram Paulo Carneiro, presidente do Sistema FAET\/Senar; Rayley Luzza, superintendente do Senar Tocantins; Miller Santana, superintendente da FAET; Luiz Renato Provenzano, diretor jur\u00eddico do Senar; e Jander Rodrigues, assessor jur\u00eddico da FAET.<\/p>\n<p>&nbsp;<\/p>\n<p>Atualmente, a Assessoria de Rela\u00e7\u00f5es Institucionais (ARI) da CNA acompanha mais de 8,7 mil propostas em tramita\u00e7\u00e3o. Deste total, 100 foram selecionadas e consolidadas na Agenda Legislativa do Agro 2026, sendo que 62 contam com apoio integral da CNA, 24 t\u00eam apoio com ressalvas e 14 recebem posicionamento contr\u00e1rio da Confedera\u00e7\u00e3o.<\/p>\n<p>&nbsp;<\/p>\n<p>O documento est\u00e1 organizado em dois macroeixos. O primeiro, \u201cSeguran\u00e7a Jur\u00eddica e Estabilidade do Ambiente de Neg\u00f3cios\u201d, re\u00fane temas como Direito de Propriedade, Rela\u00e7\u00f5es Trabalhistas, Tributa\u00e7\u00e3o, Pol\u00edtica Agr\u00edcola, Meio Ambiente e Recursos H\u00eddricos. J\u00e1 o segundo, \u201cSustenta\u00e7\u00e3o da Competitividade e Participa\u00e7\u00e3o no Mercado Internacional\u201d, contempla Infraestrutura e Log\u00edstica, Rela\u00e7\u00f5es Internacionais, Produ\u00e7\u00e3o Agropecu\u00e1ria e Educa\u00e7\u00e3o, Ci\u00eancia e Tecnologia.<\/p>\n<p>&nbsp;<\/p>\n<p>Para o presidente do Sistema FAET\/Senar, Paulo Carneiro, acompanhar esse debate \u00e9 fundamental para garantir que as demandas do campo estejam representadas nas decis\u00f5es nacionais. \u201cA presen\u00e7a do Sistema FAET\/Senar aqui refor\u00e7a nosso compromisso de levar as demandas do Tocantins e contribuir para o fortalecimento do agro brasileiro.\u201d<\/p>\n","protected":false},"excerpt":{"rendered":"<p>A Confedera\u00e7\u00e3o da Agricultura e Pecu\u00e1ria do Brasil lan\u00e7ou, na quarta-feira (11), em sess\u00e3o solene no plen\u00e1rio da C\u00e2mara dos Deputados, a Agenda Legislativa do Agro 2026, documento que re\u00fane a an\u00e1lise de 100 proposi\u00e7\u00f5es que tramitam no Congresso Nacional e impactam diretamente a vida dos produtores rurais. &nbsp; O evento contou com a presen\u00e7a [&hellip;]<\/p>\n","protected":false},"author":3,"featured_media":3954,"comment_status":"open","ping_status":"open","sticky":false,"template":"","format":"standard","meta":{"kia_subtitle":"","footnotes":""},"categories":[26],"tags":[],"class_list":["post-3953","post","type-post","status-publish","format-standard","has-post-thumbnail","hentry","category-noticia-principal"],"_links":{"self":[{"href":"https:\/\/sistemafaetsenar.org.br\/faet\/wp-json\/wp\/v2\/posts\/3953"}],"collection":[{"href":"https:\/\/sistemafaetsenar.org.br\/faet\/wp-json\/wp\/v2\/posts"}],"about":[{"href":"https:\/\/sistemafaetsenar.org.br\/faet\/wp-json\/wp\/v2\/types\/post"}],"author":[{"embeddable":true,"href":"https:\/\/sistemafaetsenar.org.br\/faet\/wp-json\/wp\/v2\/users\/3"}],"replies":[{"embeddable":true,"href":"https:\/\/sistemafaetsenar.org.br\/faet\/wp-json\/wp\/v2\/comments?post=3953"}],"version-history":[{"count":0,"href":"https:\/\/sistemafaetsenar.org.br\/faet\/wp-json\/wp\/v2\/posts\/3953\/revisions"}],"wp:featuredmedia":[{"embeddable":true,"href":"https:\/\/sistemafaetsenar.org.br\/faet\/wp-json\/wp\/v2\/media\/3954"}],"wp:attachment":[{"href":"https:\/\/sistemafaetsenar.org.br\/faet\/wp-json\/wp\/v2\/media?parent=3953"}],"wp:term":[{"taxonomy":"category","embeddable":true,"href":"https:\/\/sistemafaetsenar.org.br\/faet\/wp-json\/wp\/v2\/categories?post=3953"},{"taxonomy":"post_tag","embeddable":true,"href":"https:\/\/sistemafaetsenar.org.br\/faet\/wp-json\/wp\/v2\/tags?post=3953"}],"curies":[{"name":"wp","href":"https:\/\/api.w.org\/{rel}","templated":true}]}}