{"id":3942,"date":"2026-03-05T14:56:11","date_gmt":"2026-03-05T17:56:11","guid":{"rendered":"https:\/\/sistemafaetsenar.org.br\/faet\/?p=3942"},"modified":"2026-03-05T15:08:16","modified_gmt":"2026-03-05T18:08:16","slug":"faet-participa-da-etapa-nacional-da-ii-conferencia-nacional-do-trabalho","status":"publish","type":"post","link":"https:\/\/sistemafaetsenar.org.br\/faet\/faet-participa-da-etapa-nacional-da-ii-conferencia-nacional-do-trabalho\/","title":{"rendered":"FAET participa da Etapa Nacional da II Confer\u00eancia Nacional do Trabalho"},"content":{"rendered":"<p>A Federa\u00e7\u00e3o da Agricultura e Pecu\u00e1ria do Estado do Tocantins &#8211; FAET participou da Etapa Nacional da II Confer\u00eancia Nacional do Trabalho, realizada de 03 a 05 de mar\u00e7o de 2026, em S\u00e3o Paulo &#8211; SP. A entidade integrou a delega\u00e7\u00e3o da bancada dos empregadores do Tocantins, juntamente com a FIETO, a FECOM\u00c9RCIO e o SINDESSTO.<\/p>\n<p>&nbsp;<\/p>\n<p>A presen\u00e7a da comitiva tocantinense representou a participa\u00e7\u00e3o do setor produtivo do estado no di\u00e1logo tripartite sobre pol\u00edticas de trabalho, reunindo representantes do governo, empregadores e trabalhadores para debater diretrizes voltadas \u00e0 promo\u00e7\u00e3o do emprego e do trabalho decente diante das transforma\u00e7\u00f5es do mundo do trabalho.<\/p>\n<p>&nbsp;<\/p>\n<p>Segundo o Assessor Juridico, Fabriel Wanderlei, representante da FAET, a entidade atuou em alinhamento com a Confedera\u00e7\u00e3o da Agricultura e Pecu\u00e1ria do Brasil &#8211; CNA, que integra, juntamente com as demais confedera\u00e7\u00f5es patronais nacionais e suas respectivas federa\u00e7\u00f5es, a representa\u00e7\u00e3o dos empregadores na Confer\u00eancia Nacional do Trabalho.<\/p>\n<p>&nbsp;<\/p>\n<p>Foram consolidadas 56 propostas para a etapa nacional, provenientes das confer\u00eancias estaduais, distribu\u00eddas para debate em oito Grupos Tem\u00e1ticos antes da delibera\u00e7\u00e3o final em plen\u00e1ria realizada no dia 05\/03.<\/p>\n<p>&nbsp;<\/p>\n<p>&#8220;As propostas abrangem diferentes temas relacionados \u00e0s transforma\u00e7\u00f5es do mundo do trabalho, \u00e0s transi\u00e7\u00f5es tecnol\u00f3gicas, ambientais e demogr\u00e1ficas, al\u00e9m de pol\u00edticas p\u00fablicas voltadas \u00e0 promo\u00e7\u00e3o do emprego e do trabalho decente&#8221;, destacou Fabriel.<\/p>\n<p>&nbsp;<\/p>\n<p><strong>PROGRAMA\u00c7\u00c3O <\/strong><\/p>\n<p>&nbsp;<\/p>\n<p>No dia 03, os 672 delegados participaram da Plen\u00e1ria Solene de Abertura, onde foi apresentada o regulamento da etapa nacional e a sistematiza\u00e7\u00e3o das propostas provenientes das etapas estaduais. Na sequ\u00eancia, foi apresentado um painel sobre o cen\u00e1rio atual do mercado de trabalho brasileiro, incluindo a apresenta\u00e7\u00e3o do diagn\u00f3stico de trabalho decente elaborado pela Organiza\u00e7\u00e3o Internacional do Trabalho &#8211; OIT, seguido de manifesta\u00e7\u00f5es de representantes das tr\u00eas bancadas.<\/p>\n<p>&nbsp;<\/p>\n<p>No dia 04 pela manh\u00e3, as bancadas realizaram reuni\u00f5es de alinhamento estrat\u00e9gico, momento destinado \u00e0 organiza\u00e7\u00e3o das posi\u00e7\u00f5es institucionais antes do in\u00edcio dos debates tem\u00e1ticos. No per\u00edodo da tarde, ocorreram simultaneamente os oito Grupos Tem\u00e1ticos da confer\u00eancia, distribuindo entre eles os 672 delegados participantes.<\/p>\n<p>&nbsp;<\/p>\n<p>No dia 05, a Plen\u00e1ria Final reuniu todos os delegados para a aprecia\u00e7\u00e3o e vota\u00e7\u00e3o das 17 propostas aprovadas e encaminhadas pelos Grupos Tem\u00e1ticos, a qual foram votadas como consenso geral entre todas as bancadas e aprovadas 10 propostas, marcando o encerramento da confer\u00eancia e a consolida\u00e7\u00e3o dos encaminhamentos que dever\u00e3o orientar a formula\u00e7\u00e3o de futuras pol\u00edticas p\u00fablicas nacionais do trabalho.<\/p>\n<p>&nbsp;<\/p>\n<p>&nbsp;<\/p>\n","protected":false},"excerpt":{"rendered":"<p>A Federa\u00e7\u00e3o da Agricultura e Pecu\u00e1ria do Estado do Tocantins &#8211; FAET participou da Etapa Nacional da II Confer\u00eancia Nacional do Trabalho, realizada de 03 a 05 de mar\u00e7o de 2026, em S\u00e3o Paulo &#8211; SP. A entidade integrou a delega\u00e7\u00e3o da bancada dos empregadores do Tocantins, juntamente com a FIETO, a FECOM\u00c9RCIO e o [&hellip;]<\/p>\n","protected":false},"author":3,"featured_media":3943,"comment_status":"open","ping_status":"open","sticky":false,"template":"","format":"standard","meta":{"kia_subtitle":"","footnotes":""},"categories":[26],"tags":[],"class_list":["post-3942","post","type-post","status-publish","format-standard","has-post-thumbnail","hentry","category-noticia-principal"],"_links":{"self":[{"href":"https:\/\/sistemafaetsenar.org.br\/faet\/wp-json\/wp\/v2\/posts\/3942"}],"collection":[{"href":"https:\/\/sistemafaetsenar.org.br\/faet\/wp-json\/wp\/v2\/posts"}],"about":[{"href":"https:\/\/sistemafaetsenar.org.br\/faet\/wp-json\/wp\/v2\/types\/post"}],"author":[{"embeddable":true,"href":"https:\/\/sistemafaetsenar.org.br\/faet\/wp-json\/wp\/v2\/users\/3"}],"replies":[{"embeddable":true,"href":"https:\/\/sistemafaetsenar.org.br\/faet\/wp-json\/wp\/v2\/comments?post=3942"}],"version-history":[{"count":0,"href":"https:\/\/sistemafaetsenar.org.br\/faet\/wp-json\/wp\/v2\/posts\/3942\/revisions"}],"wp:featuredmedia":[{"embeddable":true,"href":"https:\/\/sistemafaetsenar.org.br\/faet\/wp-json\/wp\/v2\/media\/3943"}],"wp:attachment":[{"href":"https:\/\/sistemafaetsenar.org.br\/faet\/wp-json\/wp\/v2\/media?parent=3942"}],"wp:term":[{"taxonomy":"category","embeddable":true,"href":"https:\/\/sistemafaetsenar.org.br\/faet\/wp-json\/wp\/v2\/categories?post=3942"},{"taxonomy":"post_tag","embeddable":true,"href":"https:\/\/sistemafaetsenar.org.br\/faet\/wp-json\/wp\/v2\/tags?post=3942"}],"curies":[{"name":"wp","href":"https:\/\/api.w.org\/{rel}","templated":true}]}}