{"id":3939,"date":"2026-03-04T14:45:33","date_gmt":"2026-03-04T17:45:33","guid":{"rendered":"https:\/\/sistemafaetsenar.org.br\/faet\/?p=3939"},"modified":"2026-03-04T14:45:33","modified_gmt":"2026-03-04T17:45:33","slug":"faet-participa-da-ii-conferencia-nacional-do-trabalho-representando-empregadores-do-tocantins","status":"publish","type":"post","link":"https:\/\/sistemafaetsenar.org.br\/faet\/faet-participa-da-ii-conferencia-nacional-do-trabalho-representando-empregadores-do-tocantins\/","title":{"rendered":"FAET participa da II Confer\u00eancia Nacional do Trabalho representando empregadores do Tocantins"},"content":{"rendered":"<p>A Federa\u00e7\u00e3o da Agricultura e Pecu\u00e1ria do Estado do Tocantins (FAET) est\u00e1 presente na II Confer\u00eancia Nacional do Trabalho, que est\u00e1 sendo realizada nesta semana em S\u00e3o Paulo (SP).<\/p>\n<p>&nbsp;<\/p>\n<p>Promovida pelo Minist\u00e9rio do Trabalho e Emprego, a confer\u00eancia re\u00fane representantes do governo, trabalhadores e empregadores de todo o pa\u00eds para debater diretrizes e pol\u00edticas p\u00fablicas voltadas \u00e0 promo\u00e7\u00e3o do emprego e do trabalho decente, diante das transforma\u00e7\u00f5es no mundo do trabalho.<\/p>\n<p>&nbsp;<\/p>\n<p>Representando a FAET, o Assessor Juridico, Fabriel Wanderlei, destaca que a participa\u00e7\u00e3o da entidade d\u00e1 continuidade \u00e0s discuss\u00f5es iniciadas na etapa estadual realizada em Palmas, em setembro de 2025.<\/p>\n<p>&nbsp;<\/p>\n<p>&#8220;Neste encontro nacional, estamos contribuindo com o debate levando a vis\u00e3o do setor produtivo rural e defendendo o equil\u00edbrio nas rela\u00e7\u00f5es de trabalho e o fortalecimento da gera\u00e7\u00e3o de oportunidades no campo&#8221;, afirmou.<\/p>\n<p>&nbsp;<\/p>\n<p>A FAET comp\u00f5e a bancada dos empregadores juntamente com a FIETO, FECOMERCIO e SINDESSTO<\/p>\n","protected":false},"excerpt":{"rendered":"<p>A Federa\u00e7\u00e3o da Agricultura e Pecu\u00e1ria do Estado do Tocantins (FAET) est\u00e1 presente na II Confer\u00eancia Nacional do Trabalho, que est\u00e1 sendo realizada nesta semana em S\u00e3o Paulo (SP). &nbsp; Promovida pelo Minist\u00e9rio do Trabalho e Emprego, a confer\u00eancia re\u00fane representantes do governo, trabalhadores e empregadores de todo o pa\u00eds para debater diretrizes e pol\u00edticas [&hellip;]<\/p>\n","protected":false},"author":3,"featured_media":3940,"comment_status":"open","ping_status":"open","sticky":false,"template":"","format":"standard","meta":{"kia_subtitle":"","footnotes":""},"categories":[26],"tags":[],"class_list":["post-3939","post","type-post","status-publish","format-standard","has-post-thumbnail","hentry","category-noticia-principal"],"_links":{"self":[{"href":"https:\/\/sistemafaetsenar.org.br\/faet\/wp-json\/wp\/v2\/posts\/3939"}],"collection":[{"href":"https:\/\/sistemafaetsenar.org.br\/faet\/wp-json\/wp\/v2\/posts"}],"about":[{"href":"https:\/\/sistemafaetsenar.org.br\/faet\/wp-json\/wp\/v2\/types\/post"}],"author":[{"embeddable":true,"href":"https:\/\/sistemafaetsenar.org.br\/faet\/wp-json\/wp\/v2\/users\/3"}],"replies":[{"embeddable":true,"href":"https:\/\/sistemafaetsenar.org.br\/faet\/wp-json\/wp\/v2\/comments?post=3939"}],"version-history":[{"count":0,"href":"https:\/\/sistemafaetsenar.org.br\/faet\/wp-json\/wp\/v2\/posts\/3939\/revisions"}],"wp:featuredmedia":[{"embeddable":true,"href":"https:\/\/sistemafaetsenar.org.br\/faet\/wp-json\/wp\/v2\/media\/3940"}],"wp:attachment":[{"href":"https:\/\/sistemafaetsenar.org.br\/faet\/wp-json\/wp\/v2\/media?parent=3939"}],"wp:term":[{"taxonomy":"category","embeddable":true,"href":"https:\/\/sistemafaetsenar.org.br\/faet\/wp-json\/wp\/v2\/categories?post=3939"},{"taxonomy":"post_tag","embeddable":true,"href":"https:\/\/sistemafaetsenar.org.br\/faet\/wp-json\/wp\/v2\/tags?post=3939"}],"curies":[{"name":"wp","href":"https:\/\/api.w.org\/{rel}","templated":true}]}}