{"id":3927,"date":"2026-03-03T16:52:13","date_gmt":"2026-03-03T19:52:13","guid":{"rendered":"https:\/\/sistemafaetsenar.org.br\/faet\/?p=3927"},"modified":"2026-03-03T17:31:08","modified_gmt":"2026-03-03T20:31:08","slug":"agro-mantem-protagonismo-pib-do-brasil-avanca-23-em-2025-e-agropecuaria-cresce-117","status":"publish","type":"post","link":"https:\/\/sistemafaetsenar.org.br\/faet\/agro-mantem-protagonismo-pib-do-brasil-avanca-23-em-2025-e-agropecuaria-cresce-117\/","title":{"rendered":"Agro mant\u00e9m protagonismo: PIB do Brasil avan\u00e7a 2,3% em 2025 e agropecu\u00e1ria cresce 11,7%  \u00a0"},"content":{"rendered":"<div>O Produto Interno Bruto (PIB) do Brasil cresceu 2,3% em 2025, totalizando R$ 12,7 trilh\u00f5es, conforme dados divulgados pelo IBGE. O resultado representa uma desacelera\u00e7\u00e3o em rela\u00e7\u00e3o aos 3,4% registrados em 2024.<\/div>\n<div><\/div>\n<div><\/div>\n<div>O principal destaque da expans\u00e3o foi a agropecu\u00e1ria, que apresentou crescimento de 11,7% no per\u00edodo e respondeu por aproximadamente 33% do avan\u00e7o da economia nacional. O desempenho foi sustentado por recordes de produ\u00e7\u00e3o, especialmente nas culturas de soja e milho. O cen\u00e1rio refor\u00e7a a relev\u00e2ncia do setor agropecu\u00e1rio como um dos principais motores da economia brasileira.<\/div>\n<div>\n<p>No Tocantins, a agropecu\u00e1ria representa 38,9% do PIB estadual, ficando atr\u00e1s apenas do setor de servi\u00e7os, que corresponde a 46,5%, segundo dados do IBGE.<\/p>\n<\/div>\n<div>\n<p>Para o presidente do Sistema FAET\/Senar, Paulo Carneiro, os n\u00fameros confirmam o papel estrat\u00e9gico do agro na economia brasileira. Ele comemora o desempenho do setor e destaca sua relev\u00e2ncia para o crescimento do pa\u00eds.<\/p>\n<\/div>\n<div>\n<p>\u201cO agro continua fazendo a diferen\u00e7a. Mesmo com a desacelera\u00e7\u00e3o da economia, foi a agropecu\u00e1ria que puxou o crescimento e mostrou sua import\u00e2ncia para o Brasil\u201d, destacou.<\/p>\n<\/div>\n<div>\n<p>Paulo Carneiro ressalta que, no estado, a influ\u00eancia do setor \u00e9 ainda mais expressiva. \u201cOs n\u00fameros indicam uma depend\u00eancia significativa do setor prim\u00e1rio, tornando o desempenho econ\u00f4mico estadual diretamente sens\u00edvel aos ciclos agr\u00edcolas\u201d, destacou.<\/p>\n<\/div>\n","protected":false},"excerpt":{"rendered":"<p>O Produto Interno Bruto (PIB) do Brasil cresceu 2,3% em 2025, totalizando R$ 12,7 trilh\u00f5es, conforme dados divulgados pelo IBGE. O resultado representa uma desacelera\u00e7\u00e3o em rela\u00e7\u00e3o aos 3,4% registrados em 2024. O principal destaque da expans\u00e3o foi a agropecu\u00e1ria, que apresentou crescimento de 11,7% no per\u00edodo e respondeu por aproximadamente 33% do avan\u00e7o da [&hellip;]<\/p>\n","protected":false},"author":3,"featured_media":3933,"comment_status":"open","ping_status":"open","sticky":false,"template":"","format":"standard","meta":{"kia_subtitle":"Presidente da FAET, Paulo Carneiro, comemora resultados","footnotes":""},"categories":[26],"tags":[],"class_list":["post-3927","post","type-post","status-publish","format-standard","has-post-thumbnail","hentry","category-noticia-principal"],"_links":{"self":[{"href":"https:\/\/sistemafaetsenar.org.br\/faet\/wp-json\/wp\/v2\/posts\/3927"}],"collection":[{"href":"https:\/\/sistemafaetsenar.org.br\/faet\/wp-json\/wp\/v2\/posts"}],"about":[{"href":"https:\/\/sistemafaetsenar.org.br\/faet\/wp-json\/wp\/v2\/types\/post"}],"author":[{"embeddable":true,"href":"https:\/\/sistemafaetsenar.org.br\/faet\/wp-json\/wp\/v2\/users\/3"}],"replies":[{"embeddable":true,"href":"https:\/\/sistemafaetsenar.org.br\/faet\/wp-json\/wp\/v2\/comments?post=3927"}],"version-history":[{"count":0,"href":"https:\/\/sistemafaetsenar.org.br\/faet\/wp-json\/wp\/v2\/posts\/3927\/revisions"}],"wp:featuredmedia":[{"embeddable":true,"href":"https:\/\/sistemafaetsenar.org.br\/faet\/wp-json\/wp\/v2\/media\/3933"}],"wp:attachment":[{"href":"https:\/\/sistemafaetsenar.org.br\/faet\/wp-json\/wp\/v2\/media?parent=3927"}],"wp:term":[{"taxonomy":"category","embeddable":true,"href":"https:\/\/sistemafaetsenar.org.br\/faet\/wp-json\/wp\/v2\/categories?post=3927"},{"taxonomy":"post_tag","embeddable":true,"href":"https:\/\/sistemafaetsenar.org.br\/faet\/wp-json\/wp\/v2\/tags?post=3927"}],"curies":[{"name":"wp","href":"https:\/\/api.w.org\/{rel}","templated":true}]}}