{"id":3916,"date":"2026-02-27T17:32:15","date_gmt":"2026-02-27T20:32:15","guid":{"rendered":"https:\/\/sistemafaetsenar.org.br\/faet\/?p=3916"},"modified":"2026-02-27T17:36:54","modified_gmt":"2026-02-27T20:36:54","slug":"faet-divulga-calendario-oficial-de-feiras-e-eventos-agropecuarios-2026","status":"publish","type":"post","link":"https:\/\/sistemafaetsenar.org.br\/faet\/faet-divulga-calendario-oficial-de-feiras-e-eventos-agropecuarios-2026\/","title":{"rendered":"FAET divulga calend\u00e1rio oficial de feiras e eventos agropecu\u00e1rios 2026"},"content":{"rendered":"<p>A Federa\u00e7\u00e3o da Agricultura e Pecu\u00e1ria do Estado do Tocantins (FAET) divulga o calend\u00e1rio oficial das feiras e eventos agropecu\u00e1rios de 2026, reafirmando a relev\u00e2ncia desses eventos para o fortalecimento do agroneg\u00f3cio e o desenvolvimento econ\u00f4mico dos munic\u00edpios tocantinenses.<\/p>\n<p>&nbsp;<\/p>\n<p>Em 2025, foram realizadas 32 exposi\u00e7\u00f5es agropecu\u00e1rias em todo o estado, que juntas movimentaram mais de R$ 800 milh\u00f5es em neg\u00f3cios e receberam um p\u00fablico superior a 950 mil pessoas, consolidando o Tocantins como um dos estados com forte tradi\u00e7\u00e3o na realiza\u00e7\u00e3o de feiras do setor.<\/p>\n<p>&nbsp;<\/p>\n<p>Para este ano, a expectativa \u00e9 ainda mais positiva. O presidente do Sistema FAET\/Senar, Paulo Carneiro, destaca a import\u00e2ncia desses eventos e projeta crescimento no n\u00famero de exposi\u00e7\u00f5es.<\/p>\n<p>&nbsp;<\/p>\n<p>\u201cAs feiras agropecu\u00e1rias s\u00e3o fundamentais para o fortalecimento do setor produtivo e para o desenvolvimento dos nossos munic\u00edpios. Elas movimentam a economia local e geram oportunidades concretas de neg\u00f3cios para os produtores rurais, que podem adquirir m\u00e1quinas, implementos agr\u00edcolas, animais e tecnologias para fortalecer sua produ\u00e7\u00e3o. Tamb\u00e9m representam uma vitrine para expositores apresentarem seus produtos e servi\u00e7os, al\u00e9m de abrirem portas para o acesso ao cr\u00e9dito rural, j\u00e1 que institui\u00e7\u00f5es financeiras participam dos eventos oferecendo condi\u00e7\u00f5es e oportunidades aos produtores\u201d, destacou.<\/p>\n<p>&nbsp;<\/p>\n<p>Al\u00e9m disso, o presidente tamb\u00e9m destacou que as feiras ainda geram empregos de forma direta e indireta e s\u00e3o importantes espa\u00e7os de capacita\u00e7\u00e3o e troca de conhecimento, com a realiza\u00e7\u00e3o de cursos, oficinas e a\u00e7\u00f5es do AgroForte. Para 2026, a previs\u00e3o \u00e9 a realiza\u00e7\u00e3o de 36 feiras em todo o Tocantins, demonstrando a for\u00e7a e o crescimento do nosso agro.\u201d<\/p>\n<p>&nbsp;<\/p>\n<p>O calend\u00e1rio ter\u00e1 in\u00edcio no m\u00eas de abril, com a realiza\u00e7\u00e3o da feira em Miracema do Tocantins, e seguir\u00e1 ao longo do ano em diversas regi\u00f5es do estado, com encerramento previsto para novembro, no munic\u00edpio de Xambio\u00e1.<\/p>\n<p>&nbsp;<\/p>\n<p>A FAET refor\u00e7a seu apoio \u00e0s feiras agropecu\u00e1rias, reconhecendo o papel dos sindicatos rurais e das entidades organizadoras na realiza\u00e7\u00e3o desses eventos, que contribuem diretamente para o fortalecimento do setor produtivo e para o crescimento sustent\u00e1vel do Tocantins.<\/p>\n<p>&nbsp;<\/p>\n<p>As feiras s\u00e3o realizadas pelos sindicatos rurais, com apoio do Sistema FAET\/Senar e \u00a0Governo do Tocantins.<\/p>\n<p>&nbsp;<\/p>\n<p><a href=\"https:\/\/sistemafaetsenar.org.br\/faet\/wp-content\/uploads\/2026\/02\/Calendario-das-Exposicoes-Oficial.pdf\">Calend\u00e1rio das Exposi\u00e7\u00f5es &#8211; Oficial<\/a><\/p>\n<p>&nbsp;<\/p>\n","protected":false},"excerpt":{"rendered":"<p>A Federa\u00e7\u00e3o da Agricultura e Pecu\u00e1ria do Estado do Tocantins (FAET) divulga o calend\u00e1rio oficial das feiras e eventos agropecu\u00e1rios de 2026, reafirmando a relev\u00e2ncia desses eventos para o fortalecimento do agroneg\u00f3cio e o desenvolvimento econ\u00f4mico dos munic\u00edpios tocantinenses. &nbsp; Em 2025, foram realizadas 32 exposi\u00e7\u00f5es agropecu\u00e1rias em todo o estado, que juntas movimentaram mais [&hellip;]<\/p>\n","protected":false},"author":3,"featured_media":3917,"comment_status":"open","ping_status":"open","sticky":false,"template":"","format":"standard","meta":{"kia_subtitle":"","footnotes":""},"categories":[26],"tags":[],"class_list":["post-3916","post","type-post","status-publish","format-standard","has-post-thumbnail","hentry","category-noticia-principal"],"_links":{"self":[{"href":"https:\/\/sistemafaetsenar.org.br\/faet\/wp-json\/wp\/v2\/posts\/3916"}],"collection":[{"href":"https:\/\/sistemafaetsenar.org.br\/faet\/wp-json\/wp\/v2\/posts"}],"about":[{"href":"https:\/\/sistemafaetsenar.org.br\/faet\/wp-json\/wp\/v2\/types\/post"}],"author":[{"embeddable":true,"href":"https:\/\/sistemafaetsenar.org.br\/faet\/wp-json\/wp\/v2\/users\/3"}],"replies":[{"embeddable":true,"href":"https:\/\/sistemafaetsenar.org.br\/faet\/wp-json\/wp\/v2\/comments?post=3916"}],"version-history":[{"count":0,"href":"https:\/\/sistemafaetsenar.org.br\/faet\/wp-json\/wp\/v2\/posts\/3916\/revisions"}],"wp:featuredmedia":[{"embeddable":true,"href":"https:\/\/sistemafaetsenar.org.br\/faet\/wp-json\/wp\/v2\/media\/3917"}],"wp:attachment":[{"href":"https:\/\/sistemafaetsenar.org.br\/faet\/wp-json\/wp\/v2\/media?parent=3916"}],"wp:term":[{"taxonomy":"category","embeddable":true,"href":"https:\/\/sistemafaetsenar.org.br\/faet\/wp-json\/wp\/v2\/categories?post=3916"},{"taxonomy":"post_tag","embeddable":true,"href":"https:\/\/sistemafaetsenar.org.br\/faet\/wp-json\/wp\/v2\/tags?post=3916"}],"curies":[{"name":"wp","href":"https:\/\/api.w.org\/{rel}","templated":true}]}}