{"id":3911,"date":"2026-02-26T17:00:30","date_gmt":"2026-02-26T20:00:30","guid":{"rendered":"https:\/\/sistemafaetsenar.org.br\/faet\/?p=3911"},"modified":"2026-02-26T17:00:30","modified_gmt":"2026-02-26T20:00:30","slug":"conselho-fiscal-da-faet-realiza-primeira-reuniao-e-elege-presidente","status":"publish","type":"post","link":"https:\/\/sistemafaetsenar.org.br\/faet\/conselho-fiscal-da-faet-realiza-primeira-reuniao-e-elege-presidente\/","title":{"rendered":"Conselho Fiscal da FAET realiza primeira reuni\u00e3o e elege presidente"},"content":{"rendered":"<p>A Federa\u00e7\u00e3o da Agricultura e Pecu\u00e1ria do Estado do Tocantins (FAET) realizou a primeira reuni\u00e3o do Conselho Fiscal, marcando o in\u00edcio dos trabalhos do conselho respons\u00e1vel pelo acompanhamento e fiscaliza\u00e7\u00e3o das atividades\u00a0financeiras da entidade.<\/p>\n<p>&nbsp;<\/p>\n<p><img fetchpriority=\"high\" decoding=\"async\" class=\"alignnone wp-image-3912 size-large\" src=\"https:\/\/sistemafaetsenar.org.br\/faet\/wp-content\/uploads\/2026\/02\/WhatsApp-Image-2026-02-26-at-16.21.02-1024x720.jpeg\" alt=\"\" width=\"780\" height=\"548\" srcset=\"https:\/\/sistemafaetsenar.org.br\/faet\/wp-content\/uploads\/2026\/02\/WhatsApp-Image-2026-02-26-at-16.21.02-1024x720.jpeg 1024w, https:\/\/sistemafaetsenar.org.br\/faet\/wp-content\/uploads\/2026\/02\/WhatsApp-Image-2026-02-26-at-16.21.02-300x211.jpeg 300w, https:\/\/sistemafaetsenar.org.br\/faet\/wp-content\/uploads\/2026\/02\/WhatsApp-Image-2026-02-26-at-16.21.02.jpeg 1280w\" sizes=\"(max-width: 780px) 100vw, 780px\" \/><\/p>\n<p>&nbsp;<\/p>\n<p>Durante o encontro, foi eleito como presidente do Conselho Fiscal o engenheiro agr\u00edcola, produtor rural e presidente do Sindicato Rural de Cristal\u00e2ndia\u2013TO, Jackson Souza Lima. Al\u00e9m da elei\u00e7\u00e3o do novo presidente, a reuni\u00e3o teve como pauta a an\u00e1lise dos balancetes financeiros referentes aos meses de outubro, novembro e dezembro de 2025, bem como a avalia\u00e7\u00e3o do balan\u00e7o anual da FAET relativo ao exerc\u00edcio de 2025.<\/p>\n<p>&nbsp;<\/p>\n<p>Segundo o presidente do Conselho Fiscal, &#8220;a realiza\u00e7\u00e3o da primeira reuni\u00e3o marca o in\u00edcio de um novo ciclo de trabalho, refor\u00e7ando o compromisso da FAET com a transpar\u00eancia, a boa gest\u00e3o e a defesa dos interesses do produtor rural tocantinense&#8221;, refor\u00e7ou.<\/p>\n","protected":false},"excerpt":{"rendered":"<p>A Federa\u00e7\u00e3o da Agricultura e Pecu\u00e1ria do Estado do Tocantins (FAET) realizou a primeira reuni\u00e3o do Conselho Fiscal, marcando o in\u00edcio dos trabalhos do conselho respons\u00e1vel pelo acompanhamento e fiscaliza\u00e7\u00e3o das atividades\u00a0financeiras da entidade. &nbsp; &nbsp; Durante o encontro, foi eleito como presidente do Conselho Fiscal o engenheiro agr\u00edcola, produtor rural e presidente do Sindicato [&hellip;]<\/p>\n","protected":false},"author":3,"featured_media":3912,"comment_status":"open","ping_status":"open","sticky":false,"template":"","format":"standard","meta":{"kia_subtitle":"","footnotes":""},"categories":[26],"tags":[],"class_list":["post-3911","post","type-post","status-publish","format-standard","has-post-thumbnail","hentry","category-noticia-principal"],"_links":{"self":[{"href":"https:\/\/sistemafaetsenar.org.br\/faet\/wp-json\/wp\/v2\/posts\/3911"}],"collection":[{"href":"https:\/\/sistemafaetsenar.org.br\/faet\/wp-json\/wp\/v2\/posts"}],"about":[{"href":"https:\/\/sistemafaetsenar.org.br\/faet\/wp-json\/wp\/v2\/types\/post"}],"author":[{"embeddable":true,"href":"https:\/\/sistemafaetsenar.org.br\/faet\/wp-json\/wp\/v2\/users\/3"}],"replies":[{"embeddable":true,"href":"https:\/\/sistemafaetsenar.org.br\/faet\/wp-json\/wp\/v2\/comments?post=3911"}],"version-history":[{"count":0,"href":"https:\/\/sistemafaetsenar.org.br\/faet\/wp-json\/wp\/v2\/posts\/3911\/revisions"}],"wp:featuredmedia":[{"embeddable":true,"href":"https:\/\/sistemafaetsenar.org.br\/faet\/wp-json\/wp\/v2\/media\/3912"}],"wp:attachment":[{"href":"https:\/\/sistemafaetsenar.org.br\/faet\/wp-json\/wp\/v2\/media?parent=3911"}],"wp:term":[{"taxonomy":"category","embeddable":true,"href":"https:\/\/sistemafaetsenar.org.br\/faet\/wp-json\/wp\/v2\/categories?post=3911"},{"taxonomy":"post_tag","embeddable":true,"href":"https:\/\/sistemafaetsenar.org.br\/faet\/wp-json\/wp\/v2\/tags?post=3911"}],"curies":[{"name":"wp","href":"https:\/\/api.w.org\/{rel}","templated":true}]}}