{"id":3908,"date":"2026-02-26T08:53:47","date_gmt":"2026-02-26T11:53:47","guid":{"rendered":"https:\/\/sistemafaetsenar.org.br\/faet\/?p=3908"},"modified":"2026-04-14T16:41:15","modified_gmt":"2026-04-14T19:41:15","slug":"faet-defende-estudo-tecnico-para-aprimorar-politicas-de-emprego-e-fortalecer-o-setor-produtivo-no-tocantins","status":"publish","type":"post","link":"https:\/\/sistemafaetsenar.org.br\/faet\/faet-defende-estudo-tecnico-para-aprimorar-politicas-de-emprego-e-fortalecer-o-setor-produtivo-no-tocantins\/","title":{"rendered":"FAET defende estudo t\u00e9cnico para aprimorar pol\u00edticas de emprego e fortalecer o setor produtivo no Tocantins"},"content":{"rendered":"<p>A Federa\u00e7\u00e3o da Agricultura e Pecu\u00e1ria do Estado do Tocantins &#8211; FAET, participou da 23\u00aa Reuni\u00e3o Ordin\u00e1ria do Conselho Estadual do Trabalho, Emprego e Renda &#8211; CETER, colegiado respons\u00e1vel por deliberar sobre pol\u00edticas p\u00fablicas voltadas \u00e0 gera\u00e7\u00e3o de emprego, qualifica\u00e7\u00e3o profissional e gest\u00e3o dos recursos destinados ao Sistema Nacional de Emprego &#8211; SINE no Estado. O encontro reuniu representantes do Governo, trabalhadores e empregadores para avaliar relat\u00f3rios de gest\u00e3o e analisar o cen\u00e1rio atual do mercado de trabalho tocantinense.<\/p>\n<p>&nbsp;<\/p>\n<p>Durante a apresenta\u00e7\u00e3o dos n\u00fameros do CAGED referentes a 2025, foram discutidas quedas no saldo de empregos formais em meses tradicionalmente marcados por maior circula\u00e7\u00e3o econ\u00f4mica, como julho, novembro e dezembro, al\u00e9m da baixa ader\u00eancia de jovens \u00e0s vagas ofertadas.<\/p>\n<p>&nbsp;<\/p>\n<p>Representando o setor produtivo rural, a FAET defendeu o aprofundamento t\u00e9cnico na an\u00e1lise dos dados de empregabilidade no Estado, com a proposta de contrata\u00e7\u00e3o de consultoria especializada para mapear os fatores que influenciam a ocupa\u00e7\u00e3o das vagas, a queda nos postos de trabalho e a baixa ades\u00e3o dos jovens \u00e0s oportunidades dispon\u00edveis. A compreens\u00e3o qualificada desses fen\u00f4menos \u00e9 essencial para enfrentar impactos diretos na produtividade e na competitividade do setor agropecu\u00e1rio.<\/p>\n<p>&nbsp;<\/p>\n<p>Entre os principais encaminhamentos da reuni\u00e3o, foram aprovados por os relat\u00f3rios de gest\u00e3o dos Planos de A\u00e7\u00f5es e Servi\u00e7os (PAS), que tratam da manuten\u00e7\u00e3o das unidades do SINE e do assessoramento estat\u00edstico.<\/p>\n<p>&nbsp;<\/p>\n<p>Nesse sentido, a FAET reafirma seu interesse estrat\u00e9gico em apoiar iniciativas que promovam a forma\u00e7\u00e3o de m\u00e3o de obra qualificada, ampliem a empregabilidade no campo e fortale\u00e7am a gera\u00e7\u00e3o de emprego e renda no Tocantins.<\/p>\n","protected":false},"excerpt":{"rendered":"<p>A Federa\u00e7\u00e3o da Agricultura e Pecu\u00e1ria do Estado do Tocantins &#8211; FAET, participou da 23\u00aa Reuni\u00e3o Ordin\u00e1ria do Conselho Estadual do Trabalho, Emprego e Renda &#8211; CETER, colegiado respons\u00e1vel por deliberar sobre pol\u00edticas p\u00fablicas voltadas \u00e0 gera\u00e7\u00e3o de emprego, qualifica\u00e7\u00e3o profissional e gest\u00e3o dos recursos destinados ao Sistema Nacional de Emprego &#8211; SINE no Estado. [&hellip;]<\/p>\n","protected":false},"author":3,"featured_media":3909,"comment_status":"open","ping_status":"open","sticky":false,"template":"","format":"standard","meta":{"kia_subtitle":"","footnotes":""},"categories":[26],"tags":[],"class_list":["post-3908","post","type-post","status-publish","format-standard","has-post-thumbnail","hentry","category-noticia-principal"],"_links":{"self":[{"href":"https:\/\/sistemafaetsenar.org.br\/faet\/wp-json\/wp\/v2\/posts\/3908"}],"collection":[{"href":"https:\/\/sistemafaetsenar.org.br\/faet\/wp-json\/wp\/v2\/posts"}],"about":[{"href":"https:\/\/sistemafaetsenar.org.br\/faet\/wp-json\/wp\/v2\/types\/post"}],"author":[{"embeddable":true,"href":"https:\/\/sistemafaetsenar.org.br\/faet\/wp-json\/wp\/v2\/users\/3"}],"replies":[{"embeddable":true,"href":"https:\/\/sistemafaetsenar.org.br\/faet\/wp-json\/wp\/v2\/comments?post=3908"}],"version-history":[{"count":0,"href":"https:\/\/sistemafaetsenar.org.br\/faet\/wp-json\/wp\/v2\/posts\/3908\/revisions"}],"wp:featuredmedia":[{"embeddable":true,"href":"https:\/\/sistemafaetsenar.org.br\/faet\/wp-json\/wp\/v2\/media\/3909"}],"wp:attachment":[{"href":"https:\/\/sistemafaetsenar.org.br\/faet\/wp-json\/wp\/v2\/media?parent=3908"}],"wp:term":[{"taxonomy":"category","embeddable":true,"href":"https:\/\/sistemafaetsenar.org.br\/faet\/wp-json\/wp\/v2\/categories?post=3908"},{"taxonomy":"post_tag","embeddable":true,"href":"https:\/\/sistemafaetsenar.org.br\/faet\/wp-json\/wp\/v2\/tags?post=3908"}],"curies":[{"name":"wp","href":"https:\/\/api.w.org\/{rel}","templated":true}]}}