{"id":3905,"date":"2026-02-25T09:30:32","date_gmt":"2026-02-25T12:30:32","guid":{"rendered":"https:\/\/sistemafaetsenar.org.br\/faet\/?p=3905"},"modified":"2026-02-25T09:31:07","modified_gmt":"2026-02-25T12:31:07","slug":"faet-acompanha-revisao-do-plano-de-manejo-da-apa-do-lajeado-e-reforca-pedido-de-celeridade-no-processo","status":"publish","type":"post","link":"https:\/\/sistemafaetsenar.org.br\/faet\/faet-acompanha-revisao-do-plano-de-manejo-da-apa-do-lajeado-e-reforca-pedido-de-celeridade-no-processo\/","title":{"rendered":"FAET acompanha revis\u00e3o do Plano de Manejo da APA do Lajeado e refor\u00e7a pedido de celeridade no processo"},"content":{"rendered":"<p>A Federa\u00e7\u00e3o da Agricultura e Pecu\u00e1ria do Estado do Tocantins (FAET) esteve reunida com a Associa\u00e7\u00e3o dos Produtores da Serra do Lajeado e Taquaru\u00e7u e com a Aprosoja Tocantins para tratar do andamento da revis\u00e3o do Plano de Manejo da APA do Lajeado.<\/p>\n<p>&nbsp;<\/p>\n<p>O encontro teve como objetivo buscar informa\u00e7\u00f5es atualizadas junto ao Naturatins e refor\u00e7ar a necessidade de celeridade na condu\u00e7\u00e3o do processo. A revis\u00e3o \u00e9 considerada estrat\u00e9gica, uma vez que a aus\u00eancia de regras claras e atualizadas tem impactado diretamente o setor produtivo da regi\u00e3o da Serra do Lajeado e Taquaru\u00e7u.<\/p>\n<p>&nbsp;<\/p>\n<p>Durante a reuni\u00e3o, o presidente do Naturatins informou que os tr\u00e2mites para a revis\u00e3o do Plano de Manejo est\u00e3o em andamento e que o \u00f3rg\u00e3o ir\u00e1 nomear um gestor para a unidade. Ap\u00f3s essa etapa, ser\u00e1 publicado o edital para forma\u00e7\u00e3o do Conselho Gestor da APA, medida prevista para ocorrer ainda no m\u00eas de mar\u00e7o.<\/p>\n<p>&nbsp;<\/p>\n<p>Segundo o diretor t\u00e9cnico da FAET, Luiz Claudio faria, &#8220;a Federa\u00e7\u00e3o seguir\u00e1 acompanhando de perto o processo, defendendo que a revis\u00e3o seja conduzida com transpar\u00eancia, participa\u00e7\u00e3o efetiva dos produtores e garantia de seguran\u00e7a jur\u00eddica para as atividades econ\u00f4micas desenvolvidas na regi\u00e3o&#8221;<\/p>\n","protected":false},"excerpt":{"rendered":"<p>A Federa\u00e7\u00e3o da Agricultura e Pecu\u00e1ria do Estado do Tocantins (FAET) esteve reunida com a Associa\u00e7\u00e3o dos Produtores da Serra do Lajeado e Taquaru\u00e7u e com a Aprosoja Tocantins para tratar do andamento da revis\u00e3o do Plano de Manejo da APA do Lajeado. &nbsp; O encontro teve como objetivo buscar informa\u00e7\u00f5es atualizadas junto ao Naturatins [&hellip;]<\/p>\n","protected":false},"author":3,"featured_media":3906,"comment_status":"open","ping_status":"open","sticky":false,"template":"","format":"standard","meta":{"kia_subtitle":"","footnotes":""},"categories":[26],"tags":[],"class_list":["post-3905","post","type-post","status-publish","format-standard","has-post-thumbnail","hentry","category-noticia-principal"],"_links":{"self":[{"href":"https:\/\/sistemafaetsenar.org.br\/faet\/wp-json\/wp\/v2\/posts\/3905"}],"collection":[{"href":"https:\/\/sistemafaetsenar.org.br\/faet\/wp-json\/wp\/v2\/posts"}],"about":[{"href":"https:\/\/sistemafaetsenar.org.br\/faet\/wp-json\/wp\/v2\/types\/post"}],"author":[{"embeddable":true,"href":"https:\/\/sistemafaetsenar.org.br\/faet\/wp-json\/wp\/v2\/users\/3"}],"replies":[{"embeddable":true,"href":"https:\/\/sistemafaetsenar.org.br\/faet\/wp-json\/wp\/v2\/comments?post=3905"}],"version-history":[{"count":0,"href":"https:\/\/sistemafaetsenar.org.br\/faet\/wp-json\/wp\/v2\/posts\/3905\/revisions"}],"wp:featuredmedia":[{"embeddable":true,"href":"https:\/\/sistemafaetsenar.org.br\/faet\/wp-json\/wp\/v2\/media\/3906"}],"wp:attachment":[{"href":"https:\/\/sistemafaetsenar.org.br\/faet\/wp-json\/wp\/v2\/media?parent=3905"}],"wp:term":[{"taxonomy":"category","embeddable":true,"href":"https:\/\/sistemafaetsenar.org.br\/faet\/wp-json\/wp\/v2\/categories?post=3905"},{"taxonomy":"post_tag","embeddable":true,"href":"https:\/\/sistemafaetsenar.org.br\/faet\/wp-json\/wp\/v2\/tags?post=3905"}],"curies":[{"name":"wp","href":"https:\/\/api.w.org\/{rel}","templated":true}]}}