{"id":3888,"date":"2026-02-24T09:39:25","date_gmt":"2026-02-24T12:39:25","guid":{"rendered":"https:\/\/sistemafaetsenar.org.br\/faet\/?p=3888"},"modified":"2026-02-24T09:56:59","modified_gmt":"2026-02-24T12:56:59","slug":"faet-lanca-3a-edicao-do-boletim-agrofaet-com-analise-do-mercado-de-trabalho-e-desempenho-do-agronegocio-tocantinense","status":"publish","type":"post","link":"https:\/\/sistemafaetsenar.org.br\/faet\/faet-lanca-3a-edicao-do-boletim-agrofaet-com-analise-do-mercado-de-trabalho-e-desempenho-do-agronegocio-tocantinense\/","title":{"rendered":"FAET lan\u00e7a 3\u00aa edi\u00e7\u00e3o do Boletim AgroFAET com an\u00e1lise do mercado de trabalho e desempenho do agroneg\u00f3cio tocantinense"},"content":{"rendered":"<p>A Federa\u00e7\u00e3o da Agricultura e Pecu\u00e1ria do Estado do Tocantins (FAET) lan\u00e7ou a 3\u00aa edi\u00e7\u00e3o do Boletim AgroFAET, publica\u00e7\u00e3o trimestral que apresenta uma an\u00e1lise estrat\u00e9gica dos principais indicadores econ\u00f4micos e produtivos do agroneg\u00f3cio tocantinense, al\u00e9m das a\u00e7\u00f5es institucionais desenvolvidas pela Federa\u00e7\u00e3o em defesa do setor.<\/p>\n<p>&nbsp;<\/p>\n<p>Nesta edi\u00e7\u00e3o o boletim traz uma an\u00e1lise detalhada da balan\u00e7a comercial do Tocantins, que apresentou crescimento consistente entre 2024 e 2025, com o agroneg\u00f3cio respons\u00e1vel por mais de 90% das exporta\u00e7\u00f5es estaduais. O material aborda ainda o papel estrat\u00e9gico do setor nas exporta\u00e7\u00f5es, os principais mercados compradores e a consolida\u00e7\u00e3o do Tocantins como um importante fornecedor de alimentos para o mundo.<\/p>\n<p>&nbsp;<\/p>\n<p>Outro ponto de destaque \u00e9 o panorama das cadeias produtivas, com informa\u00e7\u00f5es sobre o desempenho da carne bovina, o comportamento dos pre\u00e7os da arroba do boi gordo, o cen\u00e1rio do leite e os reflexos do abate de matrizes na reposi\u00e7\u00e3o do rebanho. A publica\u00e7\u00e3o tamb\u00e9m analisa o impacto do aumento do consumo interno de milho, as perspectivas do Plano Safra 2025\/2026 e o papel estrat\u00e9gico do corredor log\u00edstico de Porto Nacional no fortalecimento das exporta\u00e7\u00f5es do agro tocantinense.<\/p>\n<p>&nbsp;<\/p>\n<p>A nova edi\u00e7\u00e3o apresenta ainda dados sobre a participa\u00e7\u00e3o do Tocantins no cen\u00e1rio nacional da safra 2025\/2026, refor\u00e7ando o potencial produtivo do estado e sua relev\u00e2ncia no contexto do agroneg\u00f3cio brasileiro.<\/p>\n<p>&nbsp;<\/p>\n<p>Al\u00e9m das an\u00e1lises econ\u00f4micas e produtivas, o boletim re\u00fane informa\u00e7\u00f5es sobre a atua\u00e7\u00e3o institucional da FAET, incluindo reuni\u00f5es de comiss\u00f5es, grupos de trabalho e articula\u00e7\u00f5es estrat\u00e9gicas voltadas \u00e0 defesa dos interesses do produtor rural tocantinense.<\/p>\n<p>&nbsp;<\/p>\n<p>O presidente do Sistema FAET, Paulo Carneiro, destacou a import\u00e2ncia da publica\u00e7\u00e3o como instrumento de informa\u00e7\u00e3o e planejamento para o setor.<\/p>\n<p>&nbsp;<\/p>\n<p>\u201cCom o Boletim AgroFAET nosso compromisso \u00e9 garantir transpar\u00eancia, informa\u00e7\u00e3o de qualidade e representatividade, contribuindo para o desenvolvimento sustent\u00e1vel do agroneg\u00f3cio tocantinense\u201d, destacou.<\/p>\n<p>&nbsp;<\/p>\n<p>O Boletim AgroFAET reafirma o papel da FAET como voz ativa do setor produtivo, acompanhando indicadores, antecipando cen\u00e1rios e atuando de forma estrat\u00e9gica na defesa de quem produz e impulsiona a economia do Tocantins.<\/p>\n<p>&nbsp;<\/p>\n<p><a href=\"https:\/\/sistemafaetsenar.org.br\/faet\/wp-content\/uploads\/2025\/08\/Boletim-AGROFAET-2025-01_compressed-1.pdf\">A publica\u00e7\u00e3o est\u00e1 dispon\u00edvel aqui.<\/a><\/p>\n","protected":false},"excerpt":{"rendered":"<p>A Federa\u00e7\u00e3o da Agricultura e Pecu\u00e1ria do Estado do Tocantins (FAET) lan\u00e7ou a 3\u00aa edi\u00e7\u00e3o do Boletim AgroFAET, publica\u00e7\u00e3o trimestral que apresenta uma an\u00e1lise estrat\u00e9gica dos principais indicadores econ\u00f4micos e produtivos do agroneg\u00f3cio tocantinense, al\u00e9m das a\u00e7\u00f5es institucionais desenvolvidas pela Federa\u00e7\u00e3o em defesa do setor. &nbsp; Nesta edi\u00e7\u00e3o o boletim traz uma an\u00e1lise detalhada da [&hellip;]<\/p>\n","protected":false},"author":3,"featured_media":3889,"comment_status":"open","ping_status":"open","sticky":false,"template":"","format":"standard","meta":{"kia_subtitle":"","footnotes":""},"categories":[26],"tags":[],"class_list":["post-3888","post","type-post","status-publish","format-standard","has-post-thumbnail","hentry","category-noticia-principal"],"_links":{"self":[{"href":"https:\/\/sistemafaetsenar.org.br\/faet\/wp-json\/wp\/v2\/posts\/3888"}],"collection":[{"href":"https:\/\/sistemafaetsenar.org.br\/faet\/wp-json\/wp\/v2\/posts"}],"about":[{"href":"https:\/\/sistemafaetsenar.org.br\/faet\/wp-json\/wp\/v2\/types\/post"}],"author":[{"embeddable":true,"href":"https:\/\/sistemafaetsenar.org.br\/faet\/wp-json\/wp\/v2\/users\/3"}],"replies":[{"embeddable":true,"href":"https:\/\/sistemafaetsenar.org.br\/faet\/wp-json\/wp\/v2\/comments?post=3888"}],"version-history":[{"count":0,"href":"https:\/\/sistemafaetsenar.org.br\/faet\/wp-json\/wp\/v2\/posts\/3888\/revisions"}],"wp:featuredmedia":[{"embeddable":true,"href":"https:\/\/sistemafaetsenar.org.br\/faet\/wp-json\/wp\/v2\/media\/3889"}],"wp:attachment":[{"href":"https:\/\/sistemafaetsenar.org.br\/faet\/wp-json\/wp\/v2\/media?parent=3888"}],"wp:term":[{"taxonomy":"category","embeddable":true,"href":"https:\/\/sistemafaetsenar.org.br\/faet\/wp-json\/wp\/v2\/categories?post=3888"},{"taxonomy":"post_tag","embeddable":true,"href":"https:\/\/sistemafaetsenar.org.br\/faet\/wp-json\/wp\/v2\/tags?post=3888"}],"curies":[{"name":"wp","href":"https:\/\/api.w.org\/{rel}","templated":true}]}}