{"id":3879,"date":"2026-02-13T10:29:00","date_gmt":"2026-02-13T13:29:00","guid":{"rendered":"https:\/\/sistemafaetsenar.org.br\/faet\/?p=3879"},"modified":"2026-02-13T10:29:00","modified_gmt":"2026-02-13T13:29:00","slug":"produtor-rural-pessoa-fisica-passara-a-ter-inscricao-no-cnpj-para-integrar-o-novo-modelo-de-tributacao","status":"publish","type":"post","link":"https:\/\/sistemafaetsenar.org.br\/faet\/produtor-rural-pessoa-fisica-passara-a-ter-inscricao-no-cnpj-para-integrar-o-novo-modelo-de-tributacao\/","title":{"rendered":"Produtor rural pessoa f\u00edsica passar\u00e1 a ter inscri\u00e7\u00e3o no CNPJ para integrar o novo modelo de tributa\u00e7\u00e3o"},"content":{"rendered":"<p>A Reforma Tribut\u00e1ria trouxe uma mudan\u00e7a importante para o setor agropecu\u00e1rio: o produtor rural pessoa f\u00edsica passar\u00e1 a ter inscri\u00e7\u00e3o no CNPJ para integrar o novo modelo de tributa\u00e7\u00e3o baseado no IBS (Imposto sobre Bens e Servi\u00e7os) e na CBS (Contribui\u00e7\u00e3o sobre Bens e Servi\u00e7os).<\/p>\n<p>&nbsp;<\/p>\n<p>A medida est\u00e1 prevista na Emenda Constitucional n\u00ba 132\/2023 e foi regulamentada pela Lei Complementar n\u00ba 214\/2025, que disciplinou o tratamento tribut\u00e1rio do produtor rural no novo sistema.<\/p>\n<p>&nbsp;<\/p>\n<p>A FAET orienta que o produtor rural acompanhe com aten\u00e7\u00e3o essa transi\u00e7\u00e3o, que representa uma moderniza\u00e7\u00e3o do modelo fiscal brasileiro.<\/p>\n<p>&nbsp;<\/p>\n<p><strong>O que diz a legisla\u00e7\u00e3o<\/strong><\/p>\n<p>A nova estrutura tribut\u00e1ria prev\u00ea:<\/p>\n<ul>\n<li>Institui\u00e7\u00e3o do IBS e da CBS<\/li>\n<li>Regime diferenciado para o produtor rural<\/li>\n<li>Redu\u00e7\u00e3o de 60% da al\u00edquota para produtos agropecu\u00e1rios<\/li>\n<li>Exporta\u00e7\u00f5es com al\u00edquota zero e manuten\u00e7\u00e3o integral de cr\u00e9ditos<\/li>\n<li>Sistema nacional de documento fiscal eletr\u00f4nico integrado ao CNPJ<\/li>\n<\/ul>\n<p>Ou seja: o setor agropecu\u00e1rio permanece com tratamento diferenciado, mas passa a operar dentro de um modelo mais integrado e digital.<\/p>\n<p>&nbsp;<\/p>\n<p><strong>O produtor deixa de ser pessoa f\u00edsica?<\/strong><\/p>\n<p>N\u00e3o.<\/p>\n<p>A inscri\u00e7\u00e3o no CNPJ n\u00e3o transforma automaticamente o produtor rural em pessoa jur\u00eddica.<\/p>\n<p>Trata-se de um cadastro fiscal para integra\u00e7\u00e3o ao sistema IBS\/CBS.<br \/>\nO produtor continuar\u00e1 declarando Imposto de Renda como pessoa f\u00edsica, utilizando o Livro Caixa Rural.<\/p>\n<p>Essa \u00e9 uma das principais d\u00favidas do setor, e a FAET refor\u00e7a: o CNPJ, nesse caso, tem natureza cadastral-fiscal.<\/p>\n<p>&nbsp;<\/p>\n<p><strong>Por que o CNPJ est\u00e1 sendo implementado?<\/strong><\/p>\n<p>A medida tem como objetivos:<\/p>\n<ul>\n<li>Permitir o creditamento financeiro pleno na cadeia produtiva<\/li>\n<li>Padronizar a emiss\u00e3o de documentos fiscais eletr\u00f4nicos<\/li>\n<li>Garantir rastreabilidade das opera\u00e7\u00f5es no modelo de IVA<\/li>\n<li>Evitar perda de cr\u00e9dito para quem adquire produtos do produtor rural<\/li>\n<\/ul>\n<p>Na pr\u00e1tica, o governo busca integrar o produtor ao novo sistema nacional de arrecada\u00e7\u00e3o, com maior digitaliza\u00e7\u00e3o e controle.<\/p>\n<p>&nbsp;<\/p>\n<p><strong>Quais obriga\u00e7\u00f5es podem surgir?<\/strong><\/p>\n<p>Com a inscri\u00e7\u00e3o no CNPJ, o produtor rural poder\u00e1 estar sujeito a:<\/p>\n<ul>\n<li>Emiss\u00e3o de documento fiscal eletr\u00f4nico nacional<\/li>\n<li>Escritura\u00e7\u00e3o digital das opera\u00e7\u00f5es<\/li>\n<li>Apura\u00e7\u00e3o mensal do imposto<\/li>\n<li>Controle de cr\u00e9ditos e d\u00e9bitos fiscais<\/li>\n<\/ul>\n<p>Al\u00e9m disso, ser\u00e1 necess\u00e1rio maior organiza\u00e7\u00e3o cont\u00e1bil e fiscal.<\/p>\n<p>&nbsp;<\/p>\n<p>&nbsp;<\/p>\n<p><strong>Pontos de aten<\/strong><strong>\u00e7\u00e3<\/strong><strong>o<\/strong><\/p>\n<p>A FAET alerta para alguns cuidados importantes:<\/p>\n<ul>\n<li>Poss\u00edvel obrigatoriedade conforme limite de receita a ser definido<\/li>\n<li>Intensifica\u00e7\u00e3o da fiscaliza\u00e7\u00e3o digital<\/li>\n<li>Avalia\u00e7\u00e3o estrat\u00e9gica sobre permanecer como pessoa f\u00edsica com CNPJ ou migrar para pessoa jur\u00eddica<\/li>\n<\/ul>\n<p>Cada caso deve ser analisado individualmente.<\/p>\n<p>&nbsp;<\/p>\n<p>&nbsp;<\/p>\n<p><strong>An\u00e1lise estrat\u00e9gica: PF com CNPJ ou PJ?<\/strong><\/p>\n<p>A cria\u00e7\u00e3o do CNPJ para produtor rural pessoa f\u00edsica representa uma moderniza\u00e7\u00e3o e integra\u00e7\u00e3o ao novo sistema tribut\u00e1rio.<\/p>\n<p>No entanto, a decis\u00e3o sobre manter-se como PF com CNPJ ou migrar para PJ deve considerar:<\/p>\n<ul>\n<li>Volume de faturamento<\/li>\n<li>Estrutura de governan\u00e7a<\/li>\n<li>Planejamento tribut\u00e1rio<\/li>\n<li>Estrat\u00e9gia sucess\u00f3ria e patrimonial<\/li>\n<\/ul>\n<p>Em muitos casos, a diferen\u00e7a estar\u00e1 mais no Imposto de Renda e na estrat\u00e9gia societ\u00e1ria do que na carga do IBS\/CBS.<\/p>\n<p>&nbsp;<\/p>\n<p><strong>\u00a0A orienta\u00e7\u00e3o da FAET<\/strong><\/p>\n<p>A FAET refor\u00e7a que esse \u00e9 um momento de organiza\u00e7\u00e3o e planejamento.<\/p>\n<p>A recomenda\u00e7\u00e3o \u00e9 que o produtor:<\/p>\n<p>\u2714 Procure orienta\u00e7\u00e3o cont\u00e1bil especializada<br \/>\n\u2714 Avalie sua estrutura atual<br \/>\n\u2714 N\u00e3o tome decis\u00f5es precipitadas<br \/>\n\u2714 Acompanhe as orienta\u00e7\u00f5es oficiais da Federa\u00e7\u00e3o<\/p>\n<p>A transi\u00e7\u00e3o para o novo modelo tribut\u00e1rio exige informa\u00e7\u00e3o t\u00e9cnica e an\u00e1lise estrat\u00e9gica. A FAET seguir\u00e1 acompanhando o tema e atuando na defesa dos interesses do produtor rural tocantinense.<\/p>\n<p>&nbsp;<\/p>\n<p>&nbsp;<\/p>\n<p>&nbsp;<\/p>\n","protected":false},"excerpt":{"rendered":"<p>A Reforma Tribut\u00e1ria trouxe uma mudan\u00e7a importante para o setor agropecu\u00e1rio: o produtor rural pessoa f\u00edsica passar\u00e1 a ter inscri\u00e7\u00e3o no CNPJ para integrar o novo modelo de tributa\u00e7\u00e3o baseado no IBS (Imposto sobre Bens e Servi\u00e7os) e na CBS (Contribui\u00e7\u00e3o sobre Bens e Servi\u00e7os). &nbsp; A medida est\u00e1 prevista na Emenda Constitucional n\u00ba 132\/2023 [&hellip;]<\/p>\n","protected":false},"author":3,"featured_media":3880,"comment_status":"open","ping_status":"open","sticky":false,"template":"","format":"standard","meta":{"kia_subtitle":"O que muda e como se preparar","footnotes":""},"categories":[26],"tags":[],"class_list":["post-3879","post","type-post","status-publish","format-standard","has-post-thumbnail","hentry","category-noticia-principal"],"_links":{"self":[{"href":"https:\/\/sistemafaetsenar.org.br\/faet\/wp-json\/wp\/v2\/posts\/3879"}],"collection":[{"href":"https:\/\/sistemafaetsenar.org.br\/faet\/wp-json\/wp\/v2\/posts"}],"about":[{"href":"https:\/\/sistemafaetsenar.org.br\/faet\/wp-json\/wp\/v2\/types\/post"}],"author":[{"embeddable":true,"href":"https:\/\/sistemafaetsenar.org.br\/faet\/wp-json\/wp\/v2\/users\/3"}],"replies":[{"embeddable":true,"href":"https:\/\/sistemafaetsenar.org.br\/faet\/wp-json\/wp\/v2\/comments?post=3879"}],"version-history":[{"count":0,"href":"https:\/\/sistemafaetsenar.org.br\/faet\/wp-json\/wp\/v2\/posts\/3879\/revisions"}],"wp:featuredmedia":[{"embeddable":true,"href":"https:\/\/sistemafaetsenar.org.br\/faet\/wp-json\/wp\/v2\/media\/3880"}],"wp:attachment":[{"href":"https:\/\/sistemafaetsenar.org.br\/faet\/wp-json\/wp\/v2\/media?parent=3879"}],"wp:term":[{"taxonomy":"category","embeddable":true,"href":"https:\/\/sistemafaetsenar.org.br\/faet\/wp-json\/wp\/v2\/categories?post=3879"},{"taxonomy":"post_tag","embeddable":true,"href":"https:\/\/sistemafaetsenar.org.br\/faet\/wp-json\/wp\/v2\/tags?post=3879"}],"curies":[{"name":"wp","href":"https:\/\/api.w.org\/{rel}","templated":true}]}}