{"id":3872,"date":"2026-02-11T14:25:38","date_gmt":"2026-02-11T17:25:38","guid":{"rendered":"https:\/\/sistemafaetsenar.org.br\/faet\/?p=3872"},"modified":"2026-02-11T14:25:38","modified_gmt":"2026-02-11T17:25:38","slug":"faet-sedia-4a-reuniao-do-grupo-de-trabalho-da-rastreabilidade-bovina-no-tocantins","status":"publish","type":"post","link":"https:\/\/sistemafaetsenar.org.br\/faet\/faet-sedia-4a-reuniao-do-grupo-de-trabalho-da-rastreabilidade-bovina-no-tocantins\/","title":{"rendered":"FAET sedia 4\u00aa reuni\u00e3o do Grupo de Trabalho da Rastreabilidade Bovina no Tocantins"},"content":{"rendered":"<p>A FAET sediou a 4\u00aa reuni\u00e3o do Grupo de Trabalho da Rastreabilidade Bovina do Tocantins, reunindo representantes do setor p\u00fablico e do setor produtivo da pecu\u00e1ria. O encontro contou com a participa\u00e7\u00e3o da Secretaria de Agricultura e Pecu\u00e1ria (Seagro), da Ag\u00eancia de Defesa Agropecu\u00e1ria (Adapec), produtores rurais e sindicatos rurais.<\/p>\n<p>&nbsp;<\/p>\n<p><img fetchpriority=\"high\" decoding=\"async\" class=\"alignnone wp-image-3873 size-large\" src=\"https:\/\/sistemafaetsenar.org.br\/faet\/wp-content\/uploads\/2026\/02\/WhatsApp-Image-2026-02-11-at-10.39.54-1-1024x576.jpeg\" alt=\"\" width=\"780\" height=\"439\" srcset=\"https:\/\/sistemafaetsenar.org.br\/faet\/wp-content\/uploads\/2026\/02\/WhatsApp-Image-2026-02-11-at-10.39.54-1-1024x576.jpeg 1024w, https:\/\/sistemafaetsenar.org.br\/faet\/wp-content\/uploads\/2026\/02\/WhatsApp-Image-2026-02-11-at-10.39.54-1-300x169.jpeg 300w, https:\/\/sistemafaetsenar.org.br\/faet\/wp-content\/uploads\/2026\/02\/WhatsApp-Image-2026-02-11-at-10.39.54-1.jpeg 1280w\" sizes=\"(max-width: 780px) 100vw, 780px\" \/><\/p>\n<p>&nbsp;<\/p>\n<p>A iniciativa faz parte da constru\u00e7\u00e3o do plano que prev\u00ea a rastreabilidade do rebanho bovino tocantinense at\u00e9 2032.<\/p>\n<p>&nbsp;<\/p>\n<p>Segundo o diretor da FAET, Luiz Claudio Faria, o momento foi de alinhamento e constru\u00e7\u00e3o conjunta.<\/p>\n<p>\u201cTemos at\u00e9 2032 para estar com todo o gado do Tocantins rastreado. Aqui na reuni\u00e3o tivemos a oportunidade de trabalhar com as entidades como ser\u00e1 feito isso, desde o pequeno ao grande produtor. A FAET, como casa do produtor rural, recebeu produtores e sindicatos para que tamb\u00e9m pudessem contribuir com essa nova fase.\u201d<\/p>\n<p>&nbsp;<\/p>\n<p>Representando a Seagro, o diretor de Agricultura e Pecu\u00e1ria, Jos\u00e9 Am\u00e9rico, destacou os avan\u00e7os na estrutura\u00e7\u00e3o do sistema.<\/p>\n<p>\u201cEstamos viabilizando um sistema para apresentar toda a situa\u00e7\u00e3o de gado e produtores, para que a gente possa lan\u00e7ar o nosso projeto piloto.\u201d<\/p>\n<p>&nbsp;<\/p>\n<p>O presidente da Adapec, Rodrigo Guerra, refor\u00e7ou a confian\u00e7a no cumprimento do prazo estabelecido.<\/p>\n<p>\u201cEu acredito que o Tocantins tem tudo para conseguir finalizar esse processo dentro desse prazo. \u00c9 um processo que precisamos fazer, e aqui \u00e9 a ponta de todo o trabalho que estamos desenvolvendo.\u201d<\/p>\n<p>&nbsp;<\/p>\n<p>*Encaminhamentos*<\/p>\n<p><img decoding=\"async\" class=\"alignnone wp-image-3877 size-large\" src=\"https:\/\/sistemafaetsenar.org.br\/faet\/wp-content\/uploads\/2026\/02\/WhatsApp-Image-2026-02-11-at-10.39.53-2-1024x576.jpeg\" alt=\"\" width=\"780\" height=\"439\" srcset=\"https:\/\/sistemafaetsenar.org.br\/faet\/wp-content\/uploads\/2026\/02\/WhatsApp-Image-2026-02-11-at-10.39.53-2-1024x576.jpeg 1024w, https:\/\/sistemafaetsenar.org.br\/faet\/wp-content\/uploads\/2026\/02\/WhatsApp-Image-2026-02-11-at-10.39.53-2-300x169.jpeg 300w, https:\/\/sistemafaetsenar.org.br\/faet\/wp-content\/uploads\/2026\/02\/WhatsApp-Image-2026-02-11-at-10.39.53-2.jpeg 1280w\" sizes=\"(max-width: 780px) 100vw, 780px\" \/><\/p>\n<p>A Adapec iniciar\u00e1, a partir do dia 16 de fevereiro, a organiza\u00e7\u00e3o de tr\u00eas regionais no Estado para dar in\u00edcio aos testes do sistema de rastreabilidade e \u00e0 brincagem dos animais.<\/p>\n<p>&nbsp;<\/p>\n<p>Tamb\u00e9m ser\u00e3o mobilizados treinamentos voltados a t\u00e9cnicos da Adapec, produtores rurais e trabalhadores rurais, abordando a brincagem e a opera\u00e7\u00e3o do sistema de rastreabilidade.<\/p>\n<p>&nbsp;<\/p>\n<p>Ap\u00f3s a fase de testes e os ajustes necess\u00e1rios, ser\u00e1 realizada uma campanha estadual para que os produtores iniciem a rastreabilidade dos animais rec\u00e9m-nascidos, bem como de todos aqueles que forem movimentados e vacinados no Tocantins.<\/p>\n","protected":false},"excerpt":{"rendered":"<p>A FAET sediou a 4\u00aa reuni\u00e3o do Grupo de Trabalho da Rastreabilidade Bovina do Tocantins, reunindo representantes do setor p\u00fablico e do setor produtivo da pecu\u00e1ria. O encontro contou com a participa\u00e7\u00e3o da Secretaria de Agricultura e Pecu\u00e1ria (Seagro), da Ag\u00eancia de Defesa Agropecu\u00e1ria (Adapec), produtores rurais e sindicatos rurais. &nbsp; &nbsp; A iniciativa faz [&hellip;]<\/p>\n","protected":false},"author":3,"featured_media":3874,"comment_status":"open","ping_status":"open","sticky":false,"template":"","format":"standard","meta":{"kia_subtitle":"","footnotes":""},"categories":[26],"tags":[],"class_list":["post-3872","post","type-post","status-publish","format-standard","has-post-thumbnail","hentry","category-noticia-principal"],"_links":{"self":[{"href":"https:\/\/sistemafaetsenar.org.br\/faet\/wp-json\/wp\/v2\/posts\/3872"}],"collection":[{"href":"https:\/\/sistemafaetsenar.org.br\/faet\/wp-json\/wp\/v2\/posts"}],"about":[{"href":"https:\/\/sistemafaetsenar.org.br\/faet\/wp-json\/wp\/v2\/types\/post"}],"author":[{"embeddable":true,"href":"https:\/\/sistemafaetsenar.org.br\/faet\/wp-json\/wp\/v2\/users\/3"}],"replies":[{"embeddable":true,"href":"https:\/\/sistemafaetsenar.org.br\/faet\/wp-json\/wp\/v2\/comments?post=3872"}],"version-history":[{"count":0,"href":"https:\/\/sistemafaetsenar.org.br\/faet\/wp-json\/wp\/v2\/posts\/3872\/revisions"}],"wp:featuredmedia":[{"embeddable":true,"href":"https:\/\/sistemafaetsenar.org.br\/faet\/wp-json\/wp\/v2\/media\/3874"}],"wp:attachment":[{"href":"https:\/\/sistemafaetsenar.org.br\/faet\/wp-json\/wp\/v2\/media?parent=3872"}],"wp:term":[{"taxonomy":"category","embeddable":true,"href":"https:\/\/sistemafaetsenar.org.br\/faet\/wp-json\/wp\/v2\/categories?post=3872"},{"taxonomy":"post_tag","embeddable":true,"href":"https:\/\/sistemafaetsenar.org.br\/faet\/wp-json\/wp\/v2\/tags?post=3872"}],"curies":[{"name":"wp","href":"https:\/\/api.w.org\/{rel}","templated":true}]}}