{"id":3869,"date":"2026-02-09T18:06:39","date_gmt":"2026-02-09T21:06:39","guid":{"rendered":"https:\/\/sistemafaetsenar.org.br\/faet\/?p=3869"},"modified":"2026-02-09T18:06:39","modified_gmt":"2026-02-09T21:06:39","slug":"posse-da-nova-diretoria-da-faet-repercute-e-reforca-lideranca-do-tocantins-no-agro","status":"publish","type":"post","link":"https:\/\/sistemafaetsenar.org.br\/faet\/posse-da-nova-diretoria-da-faet-repercute-e-reforca-lideranca-do-tocantins-no-agro\/","title":{"rendered":"Posse da nova diretoria da FAET repercute e refor\u00e7a lideran\u00e7a do Tocantins no agro"},"content":{"rendered":"<p><strong>Posse da nova diretoria da FAET repercute e refor\u00e7a lideran\u00e7a do Tocantins no agro<\/strong><\/p>\n<p>&nbsp;<\/p>\n<p data-start=\"309\" data-end=\"647\">A posse da nova diretoria da FAET teve ampla repercuss\u00e3o e foi prestigiada por autoridades, lideran\u00e7as do agroneg\u00f3cio, representantes da CNA e presidentes de federa\u00e7\u00f5es de todas as regi\u00f5es do Brasil. A presen\u00e7a expressiva refor\u00e7ou o reconhecimento nacional da atua\u00e7\u00e3o do Sistema FAET\/Senar e da lideran\u00e7a do presidente <strong data-start=\"628\" data-end=\"646\">Paulo Carneiro<\/strong>.<\/p>\n<p>&nbsp;<\/p>\n<p>*Confira a opini\u00e3o das autoridades sobre a posse da nova diretoria da FAET:*<\/p>\n<p>&nbsp;<\/p>\n<p>Muni Louren\u00e7o \u2013 Presidente da Federa\u00e7\u00e3o da Agricultura e Pecu\u00e1ria do Amazonas<\/p>\n<p>\u201cUma grande satisfa\u00e7\u00e3o estar aqui presente. Uma reelei\u00e7\u00e3o merecida, que confirma a lideran\u00e7a reconhecida do Paulo Carneiro no agro tocantinense e no Brasil. N\u00e3o poderia deixar de vir prestigiar esse momento.\u201d<\/p>\n<p>&nbsp;<\/p>\n<p>Marcelo Bertoni \u2013 Presidente da Federa\u00e7\u00e3o da Agricultura do Mato Grosso do Sul<\/p>\n<p>\u201cEstamos em Palmas para bater palmas pra ele. Ter\u00e3o novos desafios, mas ele est\u00e1 muito bem preparado para trazer novas conquistas para o estado do Tocantins.\u201d<\/p>\n<p>&nbsp;<\/p>\n<p>J\u00falio da Silva Rocha \u2013 Presidente da Federa\u00e7\u00e3o da Agricultura do Esp\u00edrito Santo<\/p>\n<p>\u201cCom muita alegria participo deste evento. Tenho grande apre\u00e7o pelo Paulo Carneiro. Hoje vimos a constru\u00e7\u00e3o da nova sede, uma verdadeira apoteose. Essa festa est\u00e1 \u00e0 altura do que ele e o Sistema merecem.\u201d<\/p>\n<p>&nbsp;<\/p>\n<p>Mauro Borba \u2013 Presidente da Federa\u00e7\u00e3o da Agricultura da Para\u00edba<\/p>\n<p>\u201c\u00c9 uma grande satisfa\u00e7\u00e3o retornar a Palmas para celebrar a posse do presidente. Um estado novo, que cresce, e uma federa\u00e7\u00e3o que tem feito um trabalho muito forte e voltado ao produtor rural. Isso o Paulo faz com muita garra.\u201d<\/p>\n<p>&nbsp;<\/p>\n<p>Jos\u00e9 Zeferino \u2013 Presidente da Federa\u00e7\u00e3o da Agricultura de Santa Catarina<\/p>\n<p>\u201cUma alegria sair de Santa Catarina para prestigiar o nosso amigo Paulo. Essa federa\u00e7\u00e3o tem se destacado em n\u00edvel nacional. A presen\u00e7a de tantas lideran\u00e7as aqui mostra a credibilidade do Sistema.\u201d<\/p>\n<p>&nbsp;<\/p>\n<p>Daniel Carrara \u2013 Diretor-geral do Senar Nacional<\/p>\n<p>\u201cQuero agradecer essa parceria e dizer que pode contar comigo, com o Senar, com o presidente Jo\u00e3o Martins e com toda a nossa equipe. Estamos juntos pelo fortalecimento do setor agropecu\u00e1rio.\u201d<\/p>\n<p>&nbsp;<\/p>\n<p>Maur\u00edcio Buffon \u2013 Presidente da Aprosoja<\/p>\n<p>\u201cOs desafios do agroneg\u00f3cio s\u00e3o grandes e vivemos um momento complicado. Mais do que nunca, as entidades precisam estar unidas para defender o produtor rural e o setor produtivo.\u201d<\/p>\n<p>&nbsp;<\/p>\n<p>Eduardo Siqueira \u2013 Prefeito de Palmas<\/p>\n<p>\u201cConectar pessoas, unir a classe e torn\u00e1-la reconhecida nacionalmente \u00e9 hoje uma unanimidade quando falamos do trabalho do presidente Paulo Carneiro.\u201d<\/p>\n<p>&nbsp;<\/p>\n<p>Fre Sodr\u00e9 \u2013 Secret\u00e1rio da Agricultura do Tocantins<\/p>\n<p>\u201cDurante o per\u00edodo em que esteve \u00e0 frente da FAET, Paulo demonstrou dedica\u00e7\u00e3o, zelo e um compromisso permanente com a uni\u00e3o dos produtores e o fortalecimento do agro.\u201d<\/p>\n<p>&nbsp;<\/p>\n<p>Eduardo Gomes \u2013 Senador da Rep\u00fablica<\/p>\n<p>\u201cO presidente toma posse recebendo do nosso gabinete um aceno positivo. J\u00e1 providenciamos um ve\u00edculo para o programa Sa\u00fade no Campo, um programa que far\u00e1 muita diferen\u00e7a para quem vive no campo.\u201d<\/p>\n<p>&nbsp;<\/p>\n","protected":false},"excerpt":{"rendered":"<p>Posse da nova diretoria da FAET repercute e refor\u00e7a lideran\u00e7a do Tocantins no agro &nbsp; A posse da nova diretoria da FAET teve ampla repercuss\u00e3o e foi prestigiada por autoridades, lideran\u00e7as do agroneg\u00f3cio, representantes da CNA e presidentes de federa\u00e7\u00f5es de todas as regi\u00f5es do Brasil. A presen\u00e7a expressiva refor\u00e7ou o reconhecimento nacional da atua\u00e7\u00e3o [&hellip;]<\/p>\n","protected":false},"author":3,"featured_media":3870,"comment_status":"open","ping_status":"open","sticky":false,"template":"","format":"standard","meta":{"kia_subtitle":"","footnotes":""},"categories":[26],"tags":[],"class_list":["post-3869","post","type-post","status-publish","format-standard","has-post-thumbnail","hentry","category-noticia-principal"],"_links":{"self":[{"href":"https:\/\/sistemafaetsenar.org.br\/faet\/wp-json\/wp\/v2\/posts\/3869"}],"collection":[{"href":"https:\/\/sistemafaetsenar.org.br\/faet\/wp-json\/wp\/v2\/posts"}],"about":[{"href":"https:\/\/sistemafaetsenar.org.br\/faet\/wp-json\/wp\/v2\/types\/post"}],"author":[{"embeddable":true,"href":"https:\/\/sistemafaetsenar.org.br\/faet\/wp-json\/wp\/v2\/users\/3"}],"replies":[{"embeddable":true,"href":"https:\/\/sistemafaetsenar.org.br\/faet\/wp-json\/wp\/v2\/comments?post=3869"}],"version-history":[{"count":0,"href":"https:\/\/sistemafaetsenar.org.br\/faet\/wp-json\/wp\/v2\/posts\/3869\/revisions"}],"wp:featuredmedia":[{"embeddable":true,"href":"https:\/\/sistemafaetsenar.org.br\/faet\/wp-json\/wp\/v2\/media\/3870"}],"wp:attachment":[{"href":"https:\/\/sistemafaetsenar.org.br\/faet\/wp-json\/wp\/v2\/media?parent=3869"}],"wp:term":[{"taxonomy":"category","embeddable":true,"href":"https:\/\/sistemafaetsenar.org.br\/faet\/wp-json\/wp\/v2\/categories?post=3869"},{"taxonomy":"post_tag","embeddable":true,"href":"https:\/\/sistemafaetsenar.org.br\/faet\/wp-json\/wp\/v2\/tags?post=3869"}],"curies":[{"name":"wp","href":"https:\/\/api.w.org\/{rel}","templated":true}]}}