{"id":3865,"date":"2026-02-09T09:57:20","date_gmt":"2026-02-09T12:57:20","guid":{"rendered":"https:\/\/sistemafaetsenar.org.br\/faet\/?p=3865"},"modified":"2026-02-09T09:58:53","modified_gmt":"2026-02-09T12:58:53","slug":"posse-da-faet-e-congresso-senar-marcam-momento-historico-para-o-agro-tocantinense","status":"publish","type":"post","link":"https:\/\/sistemafaetsenar.org.br\/faet\/posse-da-faet-e-congresso-senar-marcam-momento-historico-para-o-agro-tocantinense\/","title":{"rendered":"Posse da FAET e Congresso Senar marcam momento hist\u00f3rico para o agro tocantinense"},"content":{"rendered":"<p>A Cerim\u00f4nia de posse da nova diretoria da Federa\u00e7\u00e3o da Agricultura e Pecu\u00e1ria do Estado do Tocantins (FAET) para o mandato 2026\u20132029 foi o ponto alto de um dia hist\u00f3rico para o agroneg\u00f3cio tocantinense com a realiza\u00e7\u00e3o tamb\u00e9m do 2\u00ba. Congresso Senar \u2013 \u201cO futuro se faz no campo\u201d.<\/p>\n<p>&nbsp;<\/p>\n<p>Para o presidente do Sistema FAET\/Senar, Paulo Carneiro, que completou 11 anos \u00e0 frente da entidade e foi reconduzido ao posto numa elei\u00e7\u00e3o por unanimidade, o dia de programa\u00e7\u00e3o intensa coroa todo o esfor\u00e7o de mais de uma d\u00e9cada dedicado ao agro do estado e, em especial, aos produtores rurais tocantinenses.<\/p>\n<p>&nbsp;<\/p>\n<p>\u201cNossos produtores e nosso setor precisam ser valorizados por toda a sociedade. Na nossa gest\u00e3o estamos trabalhando pra levar conhecimento e inova\u00e7\u00e3o ao campo por meio da assist\u00eancia t\u00e9cnica e os cursos do Senar, mas tamb\u00e9m estamos agindo firmes na defesa dos nossos interesses junto aos poderes, sempre com di\u00e1logo franco e honesto\u201d, destacou o presidente.<\/p>\n<p>&nbsp;<\/p>\n<p><img fetchpriority=\"high\" decoding=\"async\" class=\"alignnone size-large wp-image-5919\" src=\"https:\/\/sistemafaetsenar.org.br\/wp-content\/uploads\/2026\/02\/WhatsApp-Image-2026-02-06-at-07.39.41-4-1024x685.jpeg\" alt=\"\" width=\"780\" height=\"522\" \/><\/p>\n<p>&nbsp;<\/p>\n<p>Realizado pelo Sistema FAET\/Senar, os dois momentos do evento reuniram lideran\u00e7as nacionais e estaduais do setor, autoridades pol\u00edticas e profissionais da entidade.<\/p>\n<p>&nbsp;<\/p>\n<p>\u201cO encontro celebrou a continuidade de uma trajet\u00f3ria de uma gest\u00e3o constru\u00edda com di\u00e1logo, uni\u00e3o e compromisso com o produtor rural, refor\u00e7ando o papel da Federa\u00e7\u00e3o como casa representativa do agro tocantinense\u201d, destacou a superintendente do Senar Tocantins, Rayley Luzza, respons\u00e1vel pela organiza\u00e7\u00e3o do evento.<\/p>\n<p>&nbsp;<\/p>\n<p><strong>Cerim\u00f4nia de posse da FAET<\/strong><\/p>\n<p>A cerim\u00f4nia de posse da nova diretoria e do conselho fiscal da FAET marcou o in\u00edcio de um novo ciclo de gest\u00e3o. Reconduzido \u00e0 presid\u00eancia para o mandato 2026\u20132029, Paulo Carneiro reafirmou o compromisso com o fortalecimento institucional da entidade.<\/p>\n<p>&nbsp;<\/p>\n<p><img decoding=\"async\" class=\"alignnone size-large wp-image-5916\" src=\"https:\/\/sistemafaetsenar.org.br\/wp-content\/uploads\/2026\/02\/WhatsApp-Image-2026-02-06-at-07.39.41-1-1024x684.jpeg\" alt=\"\" width=\"780\" height=\"521\" \/><\/p>\n<p>&nbsp;<\/p>\n<p>\u201cSomos respons\u00e1veis pelo PIB desse estado e somos o motor da nossa economia no Tocantins e no Brasil, por isso, o produtor rural tem que ser respeitado e \u00e9 sempre bom lembrar que \u00e9 ele quem produz a comida que chega \u00e0 mesa de toda a popula\u00e7\u00e3o, destacou Paulo Carneiro.<\/p>\n<p>&nbsp;<\/p>\n<p>Antes do pronunciamento, todos os membros da diretoria e conselho foram apresentados aos presentes, compondo o palco do evento. Em seguida, o primeiro secret\u00e1rio da Federa\u00e7\u00e3o, Vanderlei Silva, presidente do Sindicato Rural de Lagoa da Confus\u00e3o fez a leitura do ato de posse e todos os empossados assinaram o documento na sequ\u00eancia.<\/p>\n<p>&nbsp;<\/p>\n<p>Ap\u00f3s o ato simb\u00f3lico de posse, as autoridades fizeram pronunciamentos destacando o papel do Sistema FAET\/Senar, elogiando a gest\u00e3o de Paulo Carneiro e diretores do Sistema ao longo de mais de uma d\u00e9cada e demonstraram abertura para a realiza\u00e7\u00e3o de parcerias, al\u00e9m de firmarem compromisso de di\u00e1logo aberto para discutir as demandas do setor rural.<\/p>\n<p>&nbsp;<\/p>\n<p>O prefeito de Palmas, Eduardo Siqueira Campos, destacou a capacidade de Paulo Carneiro em unir a classe e projetar o agro tocantinense nacionalmente: \u201cquero honrar essa terra, honrar essa capital e lhe dizer, Paulo Carneiro, que cabem muitas palavras e adjetivos na biografia de vossa excel\u00eancia. Mas conectar pessoas, unir a classe, torn\u00e1-la reconhecida nacionalmente, \u00e9 hoje, unanimidade\u201d.<\/p>\n<p>&nbsp;<\/p>\n<p>J\u00e1 o senador Eduardo Gomes anunciou apoio a iniciativas voltadas ao fortalecimento do campo. \u201cConseguimos ter mais obras e bem-feitorias do que o tempo para inaugurar. O presidente toma posse com a sua diretoria recebendo do nosso gabinete o aceno positivo. J\u00e1 providenciamos um ve\u00edculo para o programa Sa\u00fade no Campo, que \u00e9 um programa maravilhoso e que a gente sabe que vai ajudar muito\u201d.<\/p>\n<p>&nbsp;<\/p>\n<p>O secret\u00e1rio de Agricultura e Pecu\u00e1ria do Tocantins, Frederico Sodr\u00e9, ressaltou a dedica\u00e7\u00e3o e o compromisso do presidente ao longo de sua trajet\u00f3ria. \u201cAo longo desses anos, enquanto funcion\u00e1rio do Sistema eu pude perceber o que o senhor tem feito para unir a classe dos produtores rurais e principalmente as entidades\u201c.<\/p>\n<p>O vice-presidente da CNA, Gede\u00e3o Silveira, destacou que a miss\u00e3o do sistema no Tocantins \u00e9 grande porque o estado que j\u00e1 faz muito e ainda tem 17 milh\u00f5es de hectares para elevar ainda mais a produ\u00e7\u00e3o. \u201cSe isso acontecer, tenho certeza que o Brasil ser\u00e1 a maior pot\u00eancia agr\u00edcola do mundo.\u201d<\/p>\n<p>&nbsp;<\/p>\n<p>Jos\u00e9 Zeferino, presidente do Conselho Deliberativo do Sebrae Nacional e da Federa\u00e7\u00e3o da Agricultura de Santa Catarina, destacou as a\u00e7\u00f5es realizadas pela atual gest\u00e3o, desejou \u00eaxito \u00e0 nova gest\u00e3o e sucesso para a nova diretoria.<\/p>\n<p>&nbsp;<\/p>\n<p><strong>Prestigio e parceria<\/strong><\/p>\n<p>\u201cEu n\u00e3o poderia deixar de vir aqui trazer o meu abra\u00e7o, porque ele merece, ainda hoje vimos a constru\u00e7\u00e3o da nova sede, \u00e9 uma apoteose\u201d, disse Julio da Silva Rocha, presidente da Federa\u00e7\u00e3o da Agricultura e Pecu\u00e1ria de Santa Catarina. Al\u00e9m dele, diversas lideran\u00e7as do meio rural manifestaram a satisfa\u00e7\u00e3o com os resultados da gest\u00e3o de Paulo Carneiro no sistema FAET\/Senar.<\/p>\n<p>&nbsp;<\/p>\n<p>Presidentes de federa\u00e7\u00f5es como Marcelo Bertoni (Famasul), Muni Louren\u00e7o (FAEA), J\u00falio da Silva Rocha (FAES), Jos\u00e9 Zeferino (FAESC) e M\u00e1rio Borba (FAEPA), prestigiaram o momento e destacaram as realiza\u00e7\u00f5es da atual gest\u00e3o. \u201cUma merecida reelei\u00e7\u00e3o que confirma a lideran\u00e7a de Paulo Carneiro no agro tocantinense\u201d, disse Muni Louren\u00e7o, da Federa\u00e7\u00e3o do Amazonas.<\/p>\n<p>&nbsp;<\/p>\n<p>O diretor-geral do Senar, Daniel Carrara enfatizou a parceria e a atua\u00e7\u00e3o conjunta em prol do desenvolvimento do setor agropecu\u00e1rio: \u201cquero agradecer por essa parceria que a gente tem, dizer que pode contar com a gente, comigo, com a minha pessoa, com o meu cargo e com o dr. Jo\u00e3o Martins (presidente da CNA).\u201d<\/p>\n<p>&nbsp;<\/p>\n<p>O presidente da Aprosoja, Maur\u00edcio Buffon tamb\u00e9m destacou a import\u00e2ncia da uni\u00e3o dos representantes do agroneg\u00f3cio. \u201cEu acho que os desafios do agroneg\u00f3cio s\u00e3o grandes, n\u00f3s vivemos em um momento muito complicado e mais do que nunca, as entidades t\u00eam que estar unidas para defender o produtor rural e o setor produtivo do estado\u201d, afirmou.<\/p>\n<p>&nbsp;<\/p>\n<p><strong>Congresso<\/strong><\/p>\n<p>O \u201c2\u00ba Congresso Senar Tocantins \u2013 O Futuro se faz no Campo\u201d reuniu t\u00e9cnicos de campo, supervisores, instrutores, presidentes de sindicatos rurais e colaboradores do Sistema FAET\/Senar para um reconhecimento do trabalho realizado no campo e firmar os compromissos da entidade com o produtor rural.<\/p>\n<p>&nbsp;<\/p>\n<p><img decoding=\"async\" class=\"alignnone size-large wp-image-5915\" src=\"https:\/\/sistemafaetsenar.org.br\/wp-content\/uploads\/2026\/02\/WhatsApp-Image-2026-02-05-at-14.14.13-1024x683.jpeg\" alt=\"\" width=\"780\" height=\"520\" \/><\/p>\n<p>&nbsp;<\/p>\n<p>O evento foi aberto com a palestra \u201cMais prop\u00f3sito, mais resultado\u201d, ministrada pelo consultor Daniel Keller, autor do livro \u201cAntes de tudo, as pessoas\u201d. A palestra abordou temas como lideran\u00e7a, desenvolvimento de equipes, estrat\u00e9gia e gest\u00e3o com foco nas pessoas, refor\u00e7ando a import\u00e2ncia do prop\u00f3sito no alcance de resultados consistentes.<\/p>\n<p>&nbsp;<\/p>\n<p>Outro momento do Congresso foi a entrega do 1\u00ba Pr\u00eamio ATeG Tocantins, que reconheceu as melhores performances da assist\u00eancia t\u00e9cnica e gerencial do Senar em 2025, premiando produtores, t\u00e9cnicos de campo e supervisor com equipamentos e computadores. A premia\u00e7\u00e3o valorizou hist\u00f3rias de sucesso constru\u00eddas a partir do acompanhamento t\u00e9cnico no campo nas cadeias produtivas da bovinocultura de leite e corte, apicultura, fruticultura, piscicultura e olericultura.<\/p>\n<p>&nbsp;<\/p>\n<p>Com a presen\u00e7a especial do vice-presidente da CNA, Gede\u00e3o Silveira, do diretor geral do Senar, Daniel Carrara, de presidentes de federa\u00e7\u00f5es e superintendentes de administra\u00e7\u00f5es regionais do Senar, o tamb\u00e9m foi um momento de exaltar os resultados do Senar no Tocantins e no Brasil.<\/p>\n<p>&nbsp;<\/p>\n<p>Gede\u00e3o Silveira trouxe reflex\u00f5es sobre a for\u00e7a do agro brasileiro e o potencial de crescimento do Tocantins. J\u00e1 Daniel Carrara informou que o Senar alcan\u00e7ou a marca de 500 mil atendidos na Assist\u00eancia T\u00e9cnica e Gerencial (ATeG), se tornando refer\u00eancia nesse tipo de atendimento. Al\u00e9m disso, citou que o Senar tamb\u00e9m se destaca nas a\u00e7\u00f5es de Forma\u00e7\u00e3o Profissional Rural (FPR), Promo\u00e7\u00e3o Social (PS) e o Programa Sa\u00fade no Campo.<\/p>\n<p>&nbsp;<\/p>\n<p>Congresso foi encerrado com a palestra-show do produtor e cantos L\u00e9o Chaves, com o tema \u201cA tr\u00edade do l\u00edder\u201d. Misturando m\u00fasicas de sucesso da dupla Vitor e L\u00e9o com conceitos de gest\u00e3o, ele contou hist\u00f3rias e experi\u00eancias de vida com foco em lideran\u00e7a, prop\u00f3sito e desenvolvimento pessoal e profissional, que envolveu o p\u00fablico presente.<\/p>\n","protected":false},"excerpt":{"rendered":"<p>A Cerim\u00f4nia de posse da nova diretoria da Federa\u00e7\u00e3o da Agricultura e Pecu\u00e1ria do Estado do Tocantins (FAET) para o mandato 2026\u20132029 foi o ponto alto de um dia hist\u00f3rico para o agroneg\u00f3cio tocantinense com a realiza\u00e7\u00e3o tamb\u00e9m do 2\u00ba. Congresso Senar \u2013 \u201cO futuro se faz no campo\u201d. &nbsp; Para o presidente do Sistema [&hellip;]<\/p>\n","protected":false},"author":3,"featured_media":3866,"comment_status":"open","ping_status":"open","sticky":false,"template":"","format":"standard","meta":{"kia_subtitle":"","footnotes":""},"categories":[26],"tags":[],"class_list":["post-3865","post","type-post","status-publish","format-standard","has-post-thumbnail","hentry","category-noticia-principal"],"_links":{"self":[{"href":"https:\/\/sistemafaetsenar.org.br\/faet\/wp-json\/wp\/v2\/posts\/3865"}],"collection":[{"href":"https:\/\/sistemafaetsenar.org.br\/faet\/wp-json\/wp\/v2\/posts"}],"about":[{"href":"https:\/\/sistemafaetsenar.org.br\/faet\/wp-json\/wp\/v2\/types\/post"}],"author":[{"embeddable":true,"href":"https:\/\/sistemafaetsenar.org.br\/faet\/wp-json\/wp\/v2\/users\/3"}],"replies":[{"embeddable":true,"href":"https:\/\/sistemafaetsenar.org.br\/faet\/wp-json\/wp\/v2\/comments?post=3865"}],"version-history":[{"count":0,"href":"https:\/\/sistemafaetsenar.org.br\/faet\/wp-json\/wp\/v2\/posts\/3865\/revisions"}],"wp:featuredmedia":[{"embeddable":true,"href":"https:\/\/sistemafaetsenar.org.br\/faet\/wp-json\/wp\/v2\/media\/3866"}],"wp:attachment":[{"href":"https:\/\/sistemafaetsenar.org.br\/faet\/wp-json\/wp\/v2\/media?parent=3865"}],"wp:term":[{"taxonomy":"category","embeddable":true,"href":"https:\/\/sistemafaetsenar.org.br\/faet\/wp-json\/wp\/v2\/categories?post=3865"},{"taxonomy":"post_tag","embeddable":true,"href":"https:\/\/sistemafaetsenar.org.br\/faet\/wp-json\/wp\/v2\/tags?post=3865"}],"curies":[{"name":"wp","href":"https:\/\/api.w.org\/{rel}","templated":true}]}}