{"id":3859,"date":"2026-02-09T09:51:28","date_gmt":"2026-02-09T12:51:28","guid":{"rendered":"https:\/\/sistemafaetsenar.org.br\/faet\/?p=3859"},"modified":"2026-02-09T09:51:28","modified_gmt":"2026-02-09T12:51:28","slug":"diretoria-toma-posse-para-mandato-2026-2029","status":"publish","type":"post","link":"https:\/\/sistemafaetsenar.org.br\/faet\/diretoria-toma-posse-para-mandato-2026-2029\/","title":{"rendered":"Diretoria toma posse para mandato 2026\u20132029"},"content":{"rendered":"<p>POSSE &#8211; O Sistema FAET realizou, na noite desta quinta-feira, em Palmas, a cerim\u00f4nia oficial de posse da nova diretoria da Federa\u00e7\u00e3o da Agricultura e Pecu\u00e1ria do Estado do Tocantins (FAET), em um evento que marcou o in\u00edcio de um novo ciclo de gest\u00e3o \u00e0 frente da entidade.<\/p>\n<p><img fetchpriority=\"high\" decoding=\"async\" class=\"alignnone wp-image-3862 size-large\" src=\"https:\/\/sistemafaetsenar.org.br\/faet\/wp-content\/uploads\/2026\/02\/WhatsApp-Image-2026-02-06-at-07.39.41-3-1024x684.jpeg\" alt=\"\" width=\"780\" height=\"521\" srcset=\"https:\/\/sistemafaetsenar.org.br\/faet\/wp-content\/uploads\/2026\/02\/WhatsApp-Image-2026-02-06-at-07.39.41-3-1024x684.jpeg 1024w, https:\/\/sistemafaetsenar.org.br\/faet\/wp-content\/uploads\/2026\/02\/WhatsApp-Image-2026-02-06-at-07.39.41-3-300x200.jpeg 300w, https:\/\/sistemafaetsenar.org.br\/faet\/wp-content\/uploads\/2026\/02\/WhatsApp-Image-2026-02-06-at-07.39.41-3.jpeg 1600w\" sizes=\"(max-width: 780px) 100vw, 780px\" \/><\/p>\n<p>Reconduzido \u00e0 presid\u00eancia para o mandato 2026\u20132029, o presidente Paulo Carneiro reafirmou o compromisso com o fortalecimento institucional, a valoriza\u00e7\u00e3o dos sindicatos rurais e o trabalho cont\u00ednuo em defesa do produtor rural tocantinense.<\/p>\n<p><img decoding=\"async\" class=\"alignnone wp-image-3861 size-large\" src=\"https:\/\/sistemafaetsenar.org.br\/faet\/wp-content\/uploads\/2026\/02\/WhatsApp-Image-2026-02-06-at-07.39.40-2-1024x685.jpeg\" alt=\"\" width=\"780\" height=\"522\" srcset=\"https:\/\/sistemafaetsenar.org.br\/faet\/wp-content\/uploads\/2026\/02\/WhatsApp-Image-2026-02-06-at-07.39.40-2-1024x685.jpeg 1024w, https:\/\/sistemafaetsenar.org.br\/faet\/wp-content\/uploads\/2026\/02\/WhatsApp-Image-2026-02-06-at-07.39.40-2-300x201.jpeg 300w, https:\/\/sistemafaetsenar.org.br\/faet\/wp-content\/uploads\/2026\/02\/WhatsApp-Image-2026-02-06-at-07.39.40-2.jpeg 1600w\" sizes=\"(max-width: 780px) 100vw, 780px\" \/><\/p>\n<p>A solenidade reuniu autoridades, lideran\u00e7as do agro, representantes do Sistema CNA, parceiros institucionais e convidados, refor\u00e7ando a import\u00e2ncia da FAET como entidade representativa do setor agropecu\u00e1rio no Estado.<\/p>\n<p><img decoding=\"async\" class=\"alignnone wp-image-3860 size-large\" src=\"https:\/\/sistemafaetsenar.org.br\/faet\/wp-content\/uploads\/2026\/02\/WhatsApp-Image-2026-02-06-at-07.39.41-2-1024x684.jpeg\" alt=\"\" width=\"780\" height=\"521\" srcset=\"https:\/\/sistemafaetsenar.org.br\/faet\/wp-content\/uploads\/2026\/02\/WhatsApp-Image-2026-02-06-at-07.39.41-2-1024x684.jpeg 1024w, https:\/\/sistemafaetsenar.org.br\/faet\/wp-content\/uploads\/2026\/02\/WhatsApp-Image-2026-02-06-at-07.39.41-2-300x200.jpeg 300w, https:\/\/sistemafaetsenar.org.br\/faet\/wp-content\/uploads\/2026\/02\/WhatsApp-Image-2026-02-06-at-07.39.41-2.jpeg 1600w\" sizes=\"(max-width: 780px) 100vw, 780px\" \/><\/p>\n<p>Uma noite que compartilhou conquistas, renovou compromissos e projetou o futuro do agro tocantinense.<\/p>\n","protected":false},"excerpt":{"rendered":"<p>POSSE &#8211; O Sistema FAET realizou, na noite desta quinta-feira, em Palmas, a cerim\u00f4nia oficial de posse da nova diretoria da Federa\u00e7\u00e3o da Agricultura e Pecu\u00e1ria do Estado do Tocantins (FAET), em um evento que marcou o in\u00edcio de um novo ciclo de gest\u00e3o \u00e0 frente da entidade. Reconduzido \u00e0 presid\u00eancia para o mandato 2026\u20132029, [&hellip;]<\/p>\n","protected":false},"author":3,"featured_media":3863,"comment_status":"open","ping_status":"open","sticky":false,"template":"","format":"standard","meta":{"kia_subtitle":"","footnotes":""},"categories":[26],"tags":[],"class_list":["post-3859","post","type-post","status-publish","format-standard","has-post-thumbnail","hentry","category-noticia-principal"],"_links":{"self":[{"href":"https:\/\/sistemafaetsenar.org.br\/faet\/wp-json\/wp\/v2\/posts\/3859"}],"collection":[{"href":"https:\/\/sistemafaetsenar.org.br\/faet\/wp-json\/wp\/v2\/posts"}],"about":[{"href":"https:\/\/sistemafaetsenar.org.br\/faet\/wp-json\/wp\/v2\/types\/post"}],"author":[{"embeddable":true,"href":"https:\/\/sistemafaetsenar.org.br\/faet\/wp-json\/wp\/v2\/users\/3"}],"replies":[{"embeddable":true,"href":"https:\/\/sistemafaetsenar.org.br\/faet\/wp-json\/wp\/v2\/comments?post=3859"}],"version-history":[{"count":0,"href":"https:\/\/sistemafaetsenar.org.br\/faet\/wp-json\/wp\/v2\/posts\/3859\/revisions"}],"wp:featuredmedia":[{"embeddable":true,"href":"https:\/\/sistemafaetsenar.org.br\/faet\/wp-json\/wp\/v2\/media\/3863"}],"wp:attachment":[{"href":"https:\/\/sistemafaetsenar.org.br\/faet\/wp-json\/wp\/v2\/media?parent=3859"}],"wp:term":[{"taxonomy":"category","embeddable":true,"href":"https:\/\/sistemafaetsenar.org.br\/faet\/wp-json\/wp\/v2\/categories?post=3859"},{"taxonomy":"post_tag","embeddable":true,"href":"https:\/\/sistemafaetsenar.org.br\/faet\/wp-json\/wp\/v2\/tags?post=3859"}],"curies":[{"name":"wp","href":"https:\/\/api.w.org\/{rel}","templated":true}]}}