{"id":3856,"date":"2026-02-09T09:47:31","date_gmt":"2026-02-09T12:47:31","guid":{"rendered":"https:\/\/sistemafaetsenar.org.br\/faet\/?p=3856"},"modified":"2026-02-09T09:47:31","modified_gmt":"2026-02-09T12:47:31","slug":"2-congresso-senar-fortalece-integracao-do-sistema-e-valoriza-quem-faz-o-agro-acontecer","status":"publish","type":"post","link":"https:\/\/sistemafaetsenar.org.br\/faet\/2-congresso-senar-fortalece-integracao-do-sistema-e-valoriza-quem-faz-o-agro-acontecer\/","title":{"rendered":"2 Congresso Senar fortalece integra\u00e7\u00e3o do Sistema e valoriza quem faz o agro acontecer"},"content":{"rendered":"<p>O Sistema FAET\/Senar realizou, na manh\u00e3 desta quinta-feira, o 2\u00ba Congresso do Senar, no Kazara Eventos, em Palmas, reunindo colaboradores, t\u00e9cnicos, instrutores, supervisores, sindicatos rurais e integrantes do Sistema CNA.<\/p>\n<p>&nbsp;<\/p>\n<p><img fetchpriority=\"high\" decoding=\"async\" class=\"alignnone size-large wp-image-5909\" src=\"https:\/\/sistemafaetsenar.org.br\/wp-content\/uploads\/2026\/02\/WhatsApp-Image-2026-02-05-at-14.14.12-1-1024x683.jpeg\" alt=\"\" width=\"780\" height=\"520\" \/><\/p>\n<p>&nbsp;<\/p>\n<p>O encontro marcou um momento de alinhamento, reconhecimento e valoriza\u00e7\u00e3o do trabalho desenvolvido ao longo do ano em todo o Tocantins.<\/p>\n<p>&nbsp;<\/p>\n<p>O presidente do Sistema FAET\/Senar, Paulo Carneiro, come\u00e7ou agradecendo a quem faz o Sistema FAET\/Senar acontecer \u201cnossos colaboradores, t\u00e9cnicos de campo, instrutores e cada sindicato rural do Tocantins. \u00c9 o trabalho de voc\u00eas, l\u00e1 na ponta, que transforma resultado\u2026\u201d<\/p>\n<p><img decoding=\"async\" class=\"alignnone size-large wp-image-5910\" src=\"https:\/\/sistemafaetsenar.org.br\/wp-content\/uploads\/2026\/02\/WhatsApp-Image-2026-02-05-at-14.14.11-1-1024x683.jpeg\" alt=\"\" width=\"780\" height=\"520\" \/><\/p>\n<p>&nbsp;<\/p>\n<p>O Congresso contou com a participa\u00e7\u00e3o do Dr. Gede\u00e3o Silveira, Vice presidente da CNA, que trouxe reflex\u00f5es sobre a for\u00e7a do agro brasileiro e o potencial de crescimento do Tocantins.<\/p>\n<p>&nbsp;<\/p>\n<p>\u201cO Tocantins tem dimens\u00f5es continentais e uma grandeza de oportunidades. O agro \u00e9 o setor mais importante do pa\u00eds e o futuro da produ\u00e7\u00e3o de alimentos passa por regi\u00f5es como esta\u201d, ressaltou.<\/p>\n<p>&nbsp;<\/p>\n<p>A superintendente do Senar Tocantins, Rayley Luzza, refor\u00e7ou que o Congresso \u00e9 resultado direto do trabalho realizado diariamente no campo.<\/p>\n<p>&nbsp;<\/p>\n<p>\u201cO Congresso n\u00e3o come\u00e7a hoje. Ele come\u00e7a em cada atendimento, em cada curso, em cada visita t\u00e9cnica, em cada munic\u00edpio. \u00c9 o reflexo do trabalho de todos que fazem o Sistema chegar at\u00e9 o produtor rural\u201d, afirmou. Estamos reunidos como Sistema. Pessoas diferentes, com o mesmo prop\u00f3sito: transformar vidas por meio do conhecimento\u201d, destacou.<\/p>\n<p>&nbsp;<\/p>\n<p><img decoding=\"async\" class=\"alignnone size-large wp-image-5911\" src=\"https:\/\/sistemafaetsenar.org.br\/wp-content\/uploads\/2026\/02\/WhatsApp-Image-2026-02-05-at-14.14.11-1024x683.jpeg\" alt=\"\" width=\"780\" height=\"520\" \/><\/p>\n<p>&nbsp;<\/p>\n<p>Durante o evento, o diretor-geral do Senar Nacional, Daniel Carrara, ressaltou a import\u00e2ncia de estar pr\u00f3ximo da base e reconheceu o trabalho desenvolvido no Tocantins.<\/p>\n<p>&nbsp;<\/p>\n<p>\u201c\u00c9 na base que a gente sente a verdadeira energia do Senar. Aqui vemos, de forma concreta, o impacto das a\u00e7\u00f5es na vida das pessoas. O Senar \u00e9 hoje refer\u00eancia nacional em assist\u00eancia t\u00e9cnica, forma\u00e7\u00e3o profissional e promo\u00e7\u00e3o social\u201d, afirmou.<\/p>\n<p>&nbsp;<\/p>\n<p>Carrara tamb\u00e9m destacou os n\u00fameros expressivos da institui\u00e7\u00e3o, lembrando que o Senar alcan\u00e7ou mais de 500 mil produtores no \u00faltimo ano e atende, anualmente, cerca de 800 mil pessoas em cursos de forma\u00e7\u00e3o profissional rural em todo o pa\u00eds.<\/p>\n<p>&nbsp;<\/p>\n<p>A programa\u00e7\u00e3o da manh\u00e3 teve como destaque a palestra \u201cMais prop\u00f3sito, mais resultado\u201d, ministrada pelo consultor Daniel Keller, autor do livro \u201cAntes de tudo, as pessoas\u201d.<\/p>\n<p>&nbsp;<\/p>\n<p>A palestra abordou temas como lideran\u00e7a, desenvolvimento de equipes, estrat\u00e9gia e gest\u00e3o com foco nas pessoas, refor\u00e7ando a import\u00e2ncia do prop\u00f3sito no alcance de resultados consistentes.<\/p>\n<p>&nbsp;<\/p>\n<p>Outro momento marcante do Congresso foi a entrega do 1\u00ba Pr\u00eamio ATeG Tocantins, que reconheceu os melhores trabalhos realizados em 2025 nas cadeias produtivas atendidas pela Assist\u00eancia T\u00e9cnica e Gerencial do Senar. A premia\u00e7\u00e3o valorizou produtores rurais e t\u00e9cnicos de campo, destacando hist\u00f3rias de sucesso constru\u00eddas a partir do acompanhamento t\u00e9cnico no campo.<\/p>\n","protected":false},"excerpt":{"rendered":"<p>O Sistema FAET\/Senar realizou, na manh\u00e3 desta quinta-feira, o 2\u00ba Congresso do Senar, no Kazara Eventos, em Palmas, reunindo colaboradores, t\u00e9cnicos, instrutores, supervisores, sindicatos rurais e integrantes do Sistema CNA. &nbsp; &nbsp; O encontro marcou um momento de alinhamento, reconhecimento e valoriza\u00e7\u00e3o do trabalho desenvolvido ao longo do ano em todo o Tocantins. &nbsp; O [&hellip;]<\/p>\n","protected":false},"author":3,"featured_media":3857,"comment_status":"open","ping_status":"open","sticky":false,"template":"","format":"standard","meta":{"kia_subtitle":"","footnotes":""},"categories":[26],"tags":[],"class_list":["post-3856","post","type-post","status-publish","format-standard","has-post-thumbnail","hentry","category-noticia-principal"],"_links":{"self":[{"href":"https:\/\/sistemafaetsenar.org.br\/faet\/wp-json\/wp\/v2\/posts\/3856"}],"collection":[{"href":"https:\/\/sistemafaetsenar.org.br\/faet\/wp-json\/wp\/v2\/posts"}],"about":[{"href":"https:\/\/sistemafaetsenar.org.br\/faet\/wp-json\/wp\/v2\/types\/post"}],"author":[{"embeddable":true,"href":"https:\/\/sistemafaetsenar.org.br\/faet\/wp-json\/wp\/v2\/users\/3"}],"replies":[{"embeddable":true,"href":"https:\/\/sistemafaetsenar.org.br\/faet\/wp-json\/wp\/v2\/comments?post=3856"}],"version-history":[{"count":0,"href":"https:\/\/sistemafaetsenar.org.br\/faet\/wp-json\/wp\/v2\/posts\/3856\/revisions"}],"wp:featuredmedia":[{"embeddable":true,"href":"https:\/\/sistemafaetsenar.org.br\/faet\/wp-json\/wp\/v2\/media\/3857"}],"wp:attachment":[{"href":"https:\/\/sistemafaetsenar.org.br\/faet\/wp-json\/wp\/v2\/media?parent=3856"}],"wp:term":[{"taxonomy":"category","embeddable":true,"href":"https:\/\/sistemafaetsenar.org.br\/faet\/wp-json\/wp\/v2\/categories?post=3856"},{"taxonomy":"post_tag","embeddable":true,"href":"https:\/\/sistemafaetsenar.org.br\/faet\/wp-json\/wp\/v2\/tags?post=3856"}],"curies":[{"name":"wp","href":"https:\/\/api.w.org\/{rel}","templated":true}]}}