{"id":3848,"date":"2026-02-03T09:29:11","date_gmt":"2026-02-03T12:29:11","guid":{"rendered":"https:\/\/sistemafaetsenar.org.br\/faet\/?p=3848"},"modified":"2026-02-03T10:54:53","modified_gmt":"2026-02-03T13:54:53","slug":"sistema-faet-senar-promove-2-congresso-senar-e-posse-da-nova-diretoria-da-faet","status":"publish","type":"post","link":"https:\/\/sistemafaetsenar.org.br\/faet\/sistema-faet-senar-promove-2-congresso-senar-e-posse-da-nova-diretoria-da-faet\/","title":{"rendered":"Sistema FAET\/Senar promove 2\u00b0 Congresso Senar e posse da nova diretoria da FAET"},"content":{"rendered":"<p><strong>Sistema FAET\/Senar promove 2\u00b0 Congresso Senar e posse da nova diretoria da FAET<\/strong><\/p>\n<p>&nbsp;<\/p>\n<p>O Sistema FAET\/Senar vai realizar no pr\u00f3ximo dia 05 de fevereiro, um encontro institucional hist\u00f3rico que ter\u00e1 dois momentos importantes: a realiza\u00e7\u00e3o do <strong>2\u00ba Congresso Senar<\/strong> e a <strong>Cerim\u00f4nia de Posse da nova diretoria da Federa\u00e7\u00e3o da Agricultura e Pecu\u00e1ria do Estado do Tocantins (FAET)<\/strong>, para o quadri\u00eanio 2026-2029.<\/p>\n<p>&nbsp;<\/p>\n<p>O evento contar\u00e1 com a presen\u00e7a de l\u00edderes do setor produtivo rural, representantes de federa\u00e7\u00f5es da Agricultura e de administra\u00e7\u00f5es regionais do Senar de outros estados, da Confedera\u00e7\u00e3o da Agricultura e Pecu\u00e1ria do Brasil (CNA) e do Sistema S, al\u00e9m de entidades do setor p\u00fablico e privado ligados ao agro, profissionais do segmento rural, juntamente com colaboradores e agentes de campo do Sistema FAET\/Senar.<\/p>\n<p>&nbsp;<\/p>\n<p>\u201c\u00c9 um momento hist\u00f3rico para o nosso sistema porque representa a colheita do trabalho plantado ao longo de mais de uma d\u00e9cada de dedica\u00e7\u00e3o ao Sistema FAET, Senar e Sindicatos Rurais. Ao mesmo tempo que celebramos conquistas, tamb\u00e9m queremos j\u00e1 pensar no que vem pela frente e no que precisamos fazer para continuar atendendo os interesses da raz\u00e3o de tudo isso, o produtor rural\u201d, destacou o presidente do Sistema, Paulo Carneiro.<\/p>\n<p>&nbsp;<\/p>\n<p><strong>Programa\u00e7\u00e3o<\/strong><\/p>\n<p>Pela manh\u00e3, a programa\u00e7\u00e3o do Congresso do Senar ser\u00e1 realizada no Kazara Eventos e ter\u00e1 como principais atra\u00e7\u00f5es a palestra \u201cMais prop\u00f3sito, mais resultado\u201d, ministrada pelo consultor Daniel Keller e a entrega do 1\u00ba Pr\u00eamio ATeG Tocantins, uma premia\u00e7\u00e3o que reconhece os melhores trabalhos realizados em 2025 nas cadeias produtivas atendidas pela assist\u00eancia t\u00e9cnica e gerencial do Senar.<\/p>\n<p>&nbsp;<\/p>\n<p>Autor do livro &#8220;Antes de tudo, as pessoas&#8221;, o consultor Daniel Keller foca em estrat\u00e9gia, lideran\u00e7a, desenvolvimento de times, transforma\u00e7\u00e3o cultural e gest\u00e3o \u00e1gil. Sob a condu\u00e7\u00e3o do presidente do Sistema FAET\/Senar, Paulo Carneiro e da superintendente do Senar Tocantins, Rayley Luzza, o evento tamb\u00e9m ter\u00e1, ainda pela manh\u00e3, um pronunciamento especial do diretor-geral do Senar Central, Daniel Carrara.<\/p>\n<p>&nbsp;<\/p>\n<p>J\u00e1 no per\u00edodo da noite, a programa\u00e7\u00e3o segue para o Crystall Hall, tamb\u00e9m em Palmas\/TO, onde ser\u00e1 realizada a cerim\u00f4nia oficial de posse da nova diretoria da FAET.\u00a0 O ato marca o in\u00edcio de um ciclo de gest\u00e3o \u00e0 frente da entidade que em 2026 completou 37 anos de atividade.<\/p>\n<p>&nbsp;<\/p>\n<p>O encerramento do evento contar\u00e1 um momento especial, a palestra-show \u201cA Tr\u00edade do L\u00edder\u201d, com o cantor L\u00e9o Chaves. Com uma trajet\u00f3ria de desafios iniciada no interior de Minas, ao pr\u00eamio de melhor \u00e1lbum sertanejo da Am\u00e9rica do Sul, pelo Grammy Latino em 2014, o m\u00fasico revela suas hist\u00f3rias e experi\u00eancias com intuito de transformar a vida das pessoas, seja em no \u00e2mbito pessoal quanto profissional.<\/p>\n<p>&nbsp;<\/p>\n<p>Autor dos livros \u201cNo colo dos Anjos\u201d (2015) e \u201cA grande arte de se reinventar\u201d (2019), L\u00e9o Chaves fala sobre in\u00fameros temas que envolvem motiva\u00e7\u00e3o e educa\u00e7\u00e3o sempre aliados a m\u00fasica.<\/p>\n<p>&nbsp;<\/p>\n<p><strong>FAET<\/strong><\/p>\n<p>A reelei\u00e7\u00e3o de Paulo Carneiro reflete os resultados alcan\u00e7ados nos \u00faltimos anos, sobretudo \u00e0 gest\u00e3o da entidade focada no apoio t\u00e9cnico e institucional aos Sindicatos Rurais e \u00e0 expans\u00e3o do protagonismo do Senar. Nesta \u00faltima d\u00e9cada, a FAET realizou miss\u00f5es e visitas t\u00e9cnicas, promoveu capacita\u00e7\u00f5es e eventos que conectam conhecimento, neg\u00f3cios e desenvolvimento rural.<\/p>\n<p>&nbsp;<\/p>\n<p>Destacam-se as a\u00e7\u00f5es voltadas \u00e0 valoriza\u00e7\u00e3o dos colaboradores, ao fortalecimento da comunica\u00e7\u00e3o e da marca FAET\/Senar\/Sindicatos, a amplia\u00e7\u00e3o da forma\u00e7\u00e3o profissional rural e ao crescimento do atendimento \u00e0s propriedades rurais em todo o Tocantins.<\/p>\n<p>&nbsp;<\/p>\n<p>Reeleito por unanimidade em pleito realizado no ano passado, Paulo Carneiro seguir\u00e1 \u00e0 frente da institui\u00e7\u00e3o para um segundo mandato. Antes ocupou o cargo de vice-presidente em tr\u00eas oportunidades e chegou a assumir interinamente a FAET em duas ocasi\u00f5es.<\/p>\n<p>&nbsp;<\/p>\n<p>\u201cEsta nova miss\u00e3o nos orgulha porque \u00e9 o reconhecimento de um trabalho constru\u00eddo com responsabilidade, di\u00e1logo e resultados. A posse da nova diretoria representa a confian\u00e7a de todo o setor para dar continuidade a uma gest\u00e3o comprometida com o produtor rural\u201d, destacou.<\/p>\n<p>&nbsp;<\/p>\n<p><strong>Confira a nova diretoria da FAET: <\/strong><strong>\u00a0<\/strong><\/p>\n<p>Presidente: Paulo Carneiro; Vice-presidente: Frederico Sodr\u00e9; 2\u00ba Vice-presidente: Jos\u00e9 Eduardo Motta; 1\u00ba Secret\u00e1rio: Vanderlei Silva; 2\u00ba Secret\u00e1rio: Francisco Tozzatti; 1\u00ba Tesoureiro: Eur\u00edpedes Costa; 2\u00ba Tesoureiro: Darci D\u00e1rio.<\/p>\n<p>&nbsp;<\/p>\n<p>Suplentes da Diretoria: Simone Sandri , Paulo Labre, Fabr\u00edcio C\u00e2ndido, Fl\u00e1via Germendorff e Jhonatan Ara\u00fajo.<\/p>\n<p>&nbsp;<\/p>\n<p>Conselho Fiscal (Titulares): Jackson Lima, Valdemar Nepomoceno, Ozenira Caldeira, Cleiton Marinho, Marcos Feitoza. (Suplentes): Raimundo Pessoa, M\u00e9rcio Viana, Edilson Gabino, Saulo Soares e Gilv\u00e2nia Barros.<\/p>\n<p>&nbsp;<\/p>\n<p><em>(Assessoria de Comunica\u00e7\u00e3o &#8211; Sistema FAET\/Senar \/ Renata Santana)<\/em><\/p>\n","protected":false},"excerpt":{"rendered":"<p>Sistema FAET\/Senar promove 2\u00b0 Congresso Senar e posse da nova diretoria da FAET &nbsp; O Sistema FAET\/Senar vai realizar no pr\u00f3ximo dia 05 de fevereiro, um encontro institucional hist\u00f3rico que ter\u00e1 dois momentos importantes: a realiza\u00e7\u00e3o do 2\u00ba Congresso Senar e a Cerim\u00f4nia de Posse da nova diretoria da Federa\u00e7\u00e3o da Agricultura e Pecu\u00e1ria do [&hellip;]<\/p>\n","protected":false},"author":3,"featured_media":3817,"comment_status":"open","ping_status":"open","sticky":false,"template":"","format":"standard","meta":{"kia_subtitle":"","footnotes":""},"categories":[26],"tags":[],"class_list":["post-3848","post","type-post","status-publish","format-standard","has-post-thumbnail","hentry","category-noticia-principal"],"_links":{"self":[{"href":"https:\/\/sistemafaetsenar.org.br\/faet\/wp-json\/wp\/v2\/posts\/3848"}],"collection":[{"href":"https:\/\/sistemafaetsenar.org.br\/faet\/wp-json\/wp\/v2\/posts"}],"about":[{"href":"https:\/\/sistemafaetsenar.org.br\/faet\/wp-json\/wp\/v2\/types\/post"}],"author":[{"embeddable":true,"href":"https:\/\/sistemafaetsenar.org.br\/faet\/wp-json\/wp\/v2\/users\/3"}],"replies":[{"embeddable":true,"href":"https:\/\/sistemafaetsenar.org.br\/faet\/wp-json\/wp\/v2\/comments?post=3848"}],"version-history":[{"count":0,"href":"https:\/\/sistemafaetsenar.org.br\/faet\/wp-json\/wp\/v2\/posts\/3848\/revisions"}],"wp:featuredmedia":[{"embeddable":true,"href":"https:\/\/sistemafaetsenar.org.br\/faet\/wp-json\/wp\/v2\/media\/3817"}],"wp:attachment":[{"href":"https:\/\/sistemafaetsenar.org.br\/faet\/wp-json\/wp\/v2\/media?parent=3848"}],"wp:term":[{"taxonomy":"category","embeddable":true,"href":"https:\/\/sistemafaetsenar.org.br\/faet\/wp-json\/wp\/v2\/categories?post=3848"},{"taxonomy":"post_tag","embeddable":true,"href":"https:\/\/sistemafaetsenar.org.br\/faet\/wp-json\/wp\/v2\/tags?post=3848"}],"curies":[{"name":"wp","href":"https:\/\/api.w.org\/{rel}","templated":true}]}}