{"id":3843,"date":"2026-01-30T17:44:55","date_gmt":"2026-01-30T20:44:55","guid":{"rendered":"https:\/\/sistemafaetsenar.org.br\/faet\/?p=3843"},"modified":"2026-01-30T17:44:55","modified_gmt":"2026-01-30T20:44:55","slug":"presidente-do-sistema-faet-senar-participa-da-abertura-nacional-da-colheita-da-soja-em-porto-nacional","status":"publish","type":"post","link":"https:\/\/sistemafaetsenar.org.br\/faet\/presidente-do-sistema-faet-senar-participa-da-abertura-nacional-da-colheita-da-soja-em-porto-nacional\/","title":{"rendered":"Presidente do Sistema FAET\/Senar participa da abertura nacional da colheita da soja em Porto Nacional"},"content":{"rendered":"<p>O presidente do Sistema FAET\/Senar, Paulo Carneiro, participou da abertura nacional da colheita da soja, realizada na Fazenda Alto da Serra, em Porto Nacional. O evento marcou simbolicamente o in\u00edcio da colheita da primeira safra da soja no pa\u00eds e reuniu produtores rurais, lideran\u00e7as do setor, autoridades e especialistas do agroneg\u00f3cio nacional.<\/p>\n<p>&nbsp;<\/p>\n<p>Durante a solenidade, Paulo Carneiro destacou a for\u00e7a do agroneg\u00f3cio brasileiro e o papel fundamental dos produtores rurais para a economia do pa\u00eds. \u201cEstamos aqui com essa parceria no evento. Hoje o agro representa o maior PIB do nosso pa\u00eds. S\u00e3o os nossos produtores rurais que produzem, mant\u00eam e colocam o Brasil de p\u00e9\u201d, afirmou.<\/p>\n<p>&nbsp;<\/p>\n<p>Em seu discurso, o presidente do Sistema FAET\/Senar tamb\u00e9m ressaltou a import\u00e2ncia da atua\u00e7\u00e3o conjunta com a Secretaria da Agricultura e Pecu\u00e1ria do Tocantins (Seagro) e com o Naturatins na representa\u00e7\u00e3o e defesa dos interesses dos produtores rurais, especialmente em pautas como licenciamento ambiental, Cadastro Ambiental Rural (CAR) e seguran\u00e7a jur\u00eddica no campo.<\/p>\n<p>&nbsp;<\/p>\n<p>Paulo Carneiro esteve acompanhado dos superintendentes do Senar Tocantins, Rayley\/Luzza, e da FAET, Miller Santana, refor\u00e7ando a presen\u00e7a institucional do Sistema FAET\/Senar no evento.<\/p>\n<p>&nbsp;<\/p>\n<p><strong>O EVENTO<\/strong><\/p>\n<p>&nbsp;<\/p>\n<p>A anfitri\u00e3 da abertura da colheita, presidente da Aprosoja Tocantins, Carolline Barcelos, destacou a import\u00e2ncia do momento para os produtores do estado. \u201c\u00c9 uma grande alegria para n\u00f3s, produtores rurais tocantinenses, fazer parte desse evento, colocando o Tocantins e a produ\u00e7\u00e3o de soja em evid\u00eancia. Estamos felizes demais em receber todos para encerrar o ciclo do plantio e iniciar o ciclo da colheita\u201d, afirmou.<\/p>\n<p>&nbsp;<\/p>\n<p>A programa\u00e7\u00e3o teve in\u00edcio com o painel \u201cA jornada de um bi\u00f3logo no agro\u201d, ministrado pelo economista e bi\u00f3logo Richard Rasmussen. Na sequ\u00eancia, foram apresentados casos de sucesso alinhados ao tema do evento, destacando experi\u00eancias de desenvolvimento social e econ\u00f4mico impulsionadas pela cultura da soja em diferentes regi\u00f5es do pa\u00eds. O encontro contou ainda com a apresenta\u00e7\u00e3o de um boletim clim\u00e1tico, com an\u00e1lises e previs\u00f5es para as \u00e1reas produtoras.<\/p>\n<p>&nbsp;<\/p>\n<p>Ao final da programa\u00e7\u00e3o, foi realizada a colheita simb\u00f3lica da soja na Fazenda Alto da Serra, marcando oficialmente o in\u00edcio da colheita da safra no pa\u00eds. O evento foi transmitido ao vivo pelo Canal Rural e pelo Youtube.<\/p>\n<p>&nbsp;<\/p>\n<p><strong>AUTORIDADES PRESENTES<\/strong><\/p>\n<p>&nbsp;<\/p>\n<p>A abertura nacional da colheita contou com a presen\u00e7a do governador do Tocantins, Wanderlei Barbosa, do secret\u00e1rio da Agricultura e Pecu\u00e1ria do Estado, Fred Sodr\u00e9, al\u00e9m de parlamentares estaduais e federais, como o senador Eduardo Gomes, os deputados federais Vicentinho J\u00fanior e Carlos Gaguim. O evento reuniu ainda lideran\u00e7as nacionais do agro, como a senadora Tereza Cristina, parlamentares de outros estados integrantes da Frente Parlamentar da Agropecu\u00e1ria (FPA) e o presidente nacional da Aprosoja, Maur\u00edcio Buffon.<\/p>\n","protected":false},"excerpt":{"rendered":"<p>O presidente do Sistema FAET\/Senar, Paulo Carneiro, participou da abertura nacional da colheita da soja, realizada na Fazenda Alto da Serra, em Porto Nacional. O evento marcou simbolicamente o in\u00edcio da colheita da primeira safra da soja no pa\u00eds e reuniu produtores rurais, lideran\u00e7as do setor, autoridades e especialistas do agroneg\u00f3cio nacional. &nbsp; Durante a [&hellip;]<\/p>\n","protected":false},"author":3,"featured_media":3844,"comment_status":"open","ping_status":"open","sticky":false,"template":"","format":"standard","meta":{"kia_subtitle":"","footnotes":""},"categories":[26],"tags":[],"class_list":["post-3843","post","type-post","status-publish","format-standard","has-post-thumbnail","hentry","category-noticia-principal"],"_links":{"self":[{"href":"https:\/\/sistemafaetsenar.org.br\/faet\/wp-json\/wp\/v2\/posts\/3843"}],"collection":[{"href":"https:\/\/sistemafaetsenar.org.br\/faet\/wp-json\/wp\/v2\/posts"}],"about":[{"href":"https:\/\/sistemafaetsenar.org.br\/faet\/wp-json\/wp\/v2\/types\/post"}],"author":[{"embeddable":true,"href":"https:\/\/sistemafaetsenar.org.br\/faet\/wp-json\/wp\/v2\/users\/3"}],"replies":[{"embeddable":true,"href":"https:\/\/sistemafaetsenar.org.br\/faet\/wp-json\/wp\/v2\/comments?post=3843"}],"version-history":[{"count":0,"href":"https:\/\/sistemafaetsenar.org.br\/faet\/wp-json\/wp\/v2\/posts\/3843\/revisions"}],"wp:featuredmedia":[{"embeddable":true,"href":"https:\/\/sistemafaetsenar.org.br\/faet\/wp-json\/wp\/v2\/media\/3844"}],"wp:attachment":[{"href":"https:\/\/sistemafaetsenar.org.br\/faet\/wp-json\/wp\/v2\/media?parent=3843"}],"wp:term":[{"taxonomy":"category","embeddable":true,"href":"https:\/\/sistemafaetsenar.org.br\/faet\/wp-json\/wp\/v2\/categories?post=3843"},{"taxonomy":"post_tag","embeddable":true,"href":"https:\/\/sistemafaetsenar.org.br\/faet\/wp-json\/wp\/v2\/tags?post=3843"}],"curies":[{"name":"wp","href":"https:\/\/api.w.org\/{rel}","templated":true}]}}