{"id":3837,"date":"2026-01-29T11:19:25","date_gmt":"2026-01-29T14:19:25","guid":{"rendered":"https:\/\/sistemafaetsenar.org.br\/faet\/?p=3837"},"modified":"2026-01-29T11:19:25","modified_gmt":"2026-01-29T14:19:25","slug":"faet-recebe-representante-da-embaixada-americana-e-apresenta-panorama-do-agro-no-tocantins","status":"publish","type":"post","link":"https:\/\/sistemafaetsenar.org.br\/faet\/faet-recebe-representante-da-embaixada-americana-e-apresenta-panorama-do-agro-no-tocantins\/","title":{"rendered":"FAET recebe representante da Embaixada Americana e apresenta panorama do agro no Tocantins"},"content":{"rendered":"<p>A Federa\u00e7\u00e3o da Agricultura e Pecu\u00e1ria do Estado do Tocantins (FAET) recebeu, na sede da institui\u00e7\u00e3o, o especialista em Economia Agr\u00edcola da Embaixada Americana, Samuel Dantas, para uma reuni\u00e3o institucional voltada \u00e0 apresenta\u00e7\u00e3o do panorama do agroneg\u00f3cio tocantinense, com foco especial na agricultura.<\/p>\n<p>&nbsp;<\/p>\n<p>O encontro contou com a participa\u00e7\u00e3o do superintendente da FAET, Miller Santana, e do assessor t\u00e9cnico da entidade, Luiz Cl\u00e1udio Faria, que apresentaram dados, informa\u00e7\u00f5es estrat\u00e9gicas e o potencial produtivo do estado.<\/p>\n<p>&nbsp;<\/p>\n<p>Durante a reuni\u00e3o, Miller Santana destacou a atua\u00e7\u00e3o do Sistema FAET\/Senar no Tocantins, ressaltando a import\u00e2ncia da base sindical e o papel dos sindicatos rurais na organiza\u00e7\u00e3o, representa\u00e7\u00e3o e fortalecimento do setor produtivo. Ele tamb\u00e9m apresentou um panorama geral do agro no estado, evidenciando o crescimento consistente da produ\u00e7\u00e3o de gr\u00e3os, acima da m\u00e9dia nacional.<\/p>\n<p><img fetchpriority=\"high\" decoding=\"async\" class=\"alignnone wp-image-3839 size-large\" src=\"https:\/\/sistemafaetsenar.org.br\/faet\/wp-content\/uploads\/2026\/01\/WhatsApp-Image-2026-01-29-at-09.37.27-3-1024x682.jpeg\" alt=\"\" width=\"780\" height=\"519\" srcset=\"https:\/\/sistemafaetsenar.org.br\/faet\/wp-content\/uploads\/2026\/01\/WhatsApp-Image-2026-01-29-at-09.37.27-3-1024x682.jpeg 1024w, https:\/\/sistemafaetsenar.org.br\/faet\/wp-content\/uploads\/2026\/01\/WhatsApp-Image-2026-01-29-at-09.37.27-3-300x200.jpeg 300w, https:\/\/sistemafaetsenar.org.br\/faet\/wp-content\/uploads\/2026\/01\/WhatsApp-Image-2026-01-29-at-09.37.27-3.jpeg 1600w\" sizes=\"(max-width: 780px) 100vw, 780px\" \/><\/p>\n<p>J\u00e1 o Diretor t\u00e9cnico da FAET, Luiz Cl\u00e1udio Faria, apresentou dados espec\u00edficos da agricultura tocantinense, indo al\u00e9m da soja e do milho. Segundo ele, o estado possui grande potencial de crescimento e expans\u00e3o de culturas como o algod\u00e3o, que, apesar de ainda ter participa\u00e7\u00e3o menor, apresenta perspectivas positivas. Luiz Cl\u00e1udio tamb\u00e9m contextualizou o cen\u00e1rio produtivo aliado \u00e0 preserva\u00e7\u00e3o ambiental, destacando o papel do produtor rural na conserva\u00e7\u00e3o das \u00e1reas no estado.<\/p>\n<p><img decoding=\"async\" class=\"alignnone wp-image-3840 size-large\" src=\"https:\/\/sistemafaetsenar.org.br\/faet\/wp-content\/uploads\/2026\/01\/WhatsApp-Image-2026-01-29-at-09.37.27-1024x682.jpeg\" alt=\"\" width=\"780\" height=\"519\" srcset=\"https:\/\/sistemafaetsenar.org.br\/faet\/wp-content\/uploads\/2026\/01\/WhatsApp-Image-2026-01-29-at-09.37.27-1024x682.jpeg 1024w, https:\/\/sistemafaetsenar.org.br\/faet\/wp-content\/uploads\/2026\/01\/WhatsApp-Image-2026-01-29-at-09.37.27-300x200.jpeg 300w, https:\/\/sistemafaetsenar.org.br\/faet\/wp-content\/uploads\/2026\/01\/WhatsApp-Image-2026-01-29-at-09.37.27.jpeg 1600w\" sizes=\"(max-width: 780px) 100vw, 780px\" \/><\/p>\n<p>Para o representante da Embaixada Americana, a avalia\u00e7\u00e3o do encontro foi bastante positiva. \u201cRecebemos informa\u00e7\u00f5es valiosas e ficamos surpresos com a expressividade da produ\u00e7\u00e3o agr\u00edcola do Tocantins, al\u00e9m da grande capacidade de expans\u00e3o de \u00e1rea\u201d, afirmou Samuel Dantas.<\/p>\n","protected":false},"excerpt":{"rendered":"<p>A Federa\u00e7\u00e3o da Agricultura e Pecu\u00e1ria do Estado do Tocantins (FAET) recebeu, na sede da institui\u00e7\u00e3o, o especialista em Economia Agr\u00edcola da Embaixada Americana, Samuel Dantas, para uma reuni\u00e3o institucional voltada \u00e0 apresenta\u00e7\u00e3o do panorama do agroneg\u00f3cio tocantinense, com foco especial na agricultura. &nbsp; O encontro contou com a participa\u00e7\u00e3o do superintendente da FAET, Miller [&hellip;]<\/p>\n","protected":false},"author":3,"featured_media":3838,"comment_status":"open","ping_status":"open","sticky":false,"template":"","format":"standard","meta":{"kia_subtitle":"","footnotes":""},"categories":[26],"tags":[],"class_list":["post-3837","post","type-post","status-publish","format-standard","has-post-thumbnail","hentry","category-noticia-principal"],"_links":{"self":[{"href":"https:\/\/sistemafaetsenar.org.br\/faet\/wp-json\/wp\/v2\/posts\/3837"}],"collection":[{"href":"https:\/\/sistemafaetsenar.org.br\/faet\/wp-json\/wp\/v2\/posts"}],"about":[{"href":"https:\/\/sistemafaetsenar.org.br\/faet\/wp-json\/wp\/v2\/types\/post"}],"author":[{"embeddable":true,"href":"https:\/\/sistemafaetsenar.org.br\/faet\/wp-json\/wp\/v2\/users\/3"}],"replies":[{"embeddable":true,"href":"https:\/\/sistemafaetsenar.org.br\/faet\/wp-json\/wp\/v2\/comments?post=3837"}],"version-history":[{"count":0,"href":"https:\/\/sistemafaetsenar.org.br\/faet\/wp-json\/wp\/v2\/posts\/3837\/revisions"}],"wp:featuredmedia":[{"embeddable":true,"href":"https:\/\/sistemafaetsenar.org.br\/faet\/wp-json\/wp\/v2\/media\/3838"}],"wp:attachment":[{"href":"https:\/\/sistemafaetsenar.org.br\/faet\/wp-json\/wp\/v2\/media?parent=3837"}],"wp:term":[{"taxonomy":"category","embeddable":true,"href":"https:\/\/sistemafaetsenar.org.br\/faet\/wp-json\/wp\/v2\/categories?post=3837"},{"taxonomy":"post_tag","embeddable":true,"href":"https:\/\/sistemafaetsenar.org.br\/faet\/wp-json\/wp\/v2\/tags?post=3837"}],"curies":[{"name":"wp","href":"https:\/\/api.w.org\/{rel}","templated":true}]}}