{"id":3834,"date":"2026-01-27T18:05:17","date_gmt":"2026-01-27T21:05:17","guid":{"rendered":"https:\/\/sistemafaetsenar.org.br\/faet\/?p=3834"},"modified":"2026-01-27T18:05:17","modified_gmt":"2026-01-27T21:05:17","slug":"faet-participa-de-reuniao-do-setor-produtivo-com-a-seagro-e-apresenta-demandas-ao-novo-secretario","status":"publish","type":"post","link":"https:\/\/sistemafaetsenar.org.br\/faet\/faet-participa-de-reuniao-do-setor-produtivo-com-a-seagro-e-apresenta-demandas-ao-novo-secretario\/","title":{"rendered":"FAET participa de reuni\u00e3o do setor produtivo com a Seagro e apresenta demandas ao novo secret\u00e1rio"},"content":{"rendered":"<p>A Federa\u00e7\u00e3o da Agricultura e Pecu\u00e1ria do Estado do Tocantins (FAET) participou da primeira reuni\u00e3o do setor produtivo com o novo secret\u00e1rio da Agricultura e Pecu\u00e1ria do Tocantins (Seagro), Fred Sodr\u00e9. O objetivo foi apresentar demandas e discutir os principais gargalos enfrentados pelo setor.<\/p>\n<p>&nbsp;<\/p>\n<p>O presidente do Sistema FAET\/Senar, Paulo Carneiro, fez uma exposi\u00e7\u00e3o sobre a situa\u00e7\u00e3o atual do projeto de cr\u00e9dito de carbono no estado e cobrou uma posi\u00e7\u00e3o mais clara do Governo do Tocantins em rela\u00e7\u00e3o ao tema.\u00a0 \u201cApesar das diversas reuni\u00f5es, n\u00f3s temos algumas d\u00favidas quanto a proposta\u201d, destacou.<\/p>\n<p>&nbsp;<\/p>\n<p>Durante o encontro, foi entregue oficialmente ao secret\u00e1rio um documento do setor produtivo que aponta diversos problemas relacionados ao projeto REDD+ Tocantins.<\/p>\n<p>&nbsp;<\/p>\n<p>O documento destaca irregularidades e inconsist\u00eancias jur\u00eddicas, financeiras e administrativas no Contrato de Fomento para Certifica\u00e7\u00e3o e Compra e Venda de Cr\u00e9ditos de Carbono Florestal Jurisdicional (Programa REDD+ Tocantins), refor\u00e7ando a necessidade de maior di\u00e1logo e transpar\u00eancia na condu\u00e7\u00e3o do projeto.<\/p>\n<p>&nbsp;<\/p>\n<p>Al\u00e9m da pauta do cr\u00e9dito de carbono, o assessor t\u00e9cnico da FAET, Luiz Cl\u00e1udio, destacou outras demandas consideradas priorit\u00e1rias pelo setor produtivo, como quest\u00f5es fundi\u00e1rias, necessidade de capacita\u00e7\u00e3o, avan\u00e7os na proposta de Zoneamento Ecol\u00f3gico-Econ\u00f4mico (ZEE), dificuldades enfrentadas pela cadeia do leite em raz\u00e3o dos pre\u00e7os no mercado.<\/p>\n<p>&nbsp;<\/p>\n<p>O secret\u00e1rio Fred Sodr\u00e9 recebeu todas as demandas apresentadas pelas entidades e se colocou \u00e0 disposi\u00e7\u00e3o para analisar os pontos levantados, afirmando que ir\u00e1 dar retorno ao setor produtivo o mais breve poss\u00edvel. O encontro reuniu representantes de associa\u00e7\u00f5es, cooperativas, al\u00e9m de pequenos, m\u00e9dios e grandes produtores rurais,<\/p>\n","protected":false},"excerpt":{"rendered":"<p>A Federa\u00e7\u00e3o da Agricultura e Pecu\u00e1ria do Estado do Tocantins (FAET) participou da primeira reuni\u00e3o do setor produtivo com o novo secret\u00e1rio da Agricultura e Pecu\u00e1ria do Tocantins (Seagro), Fred Sodr\u00e9. O objetivo foi apresentar demandas e discutir os principais gargalos enfrentados pelo setor. &nbsp; O presidente do Sistema FAET\/Senar, Paulo Carneiro, fez uma exposi\u00e7\u00e3o [&hellip;]<\/p>\n","protected":false},"author":3,"featured_media":3835,"comment_status":"open","ping_status":"open","sticky":false,"template":"","format":"standard","meta":{"kia_subtitle":"","footnotes":""},"categories":[26],"tags":[],"class_list":["post-3834","post","type-post","status-publish","format-standard","has-post-thumbnail","hentry","category-noticia-principal"],"_links":{"self":[{"href":"https:\/\/sistemafaetsenar.org.br\/faet\/wp-json\/wp\/v2\/posts\/3834"}],"collection":[{"href":"https:\/\/sistemafaetsenar.org.br\/faet\/wp-json\/wp\/v2\/posts"}],"about":[{"href":"https:\/\/sistemafaetsenar.org.br\/faet\/wp-json\/wp\/v2\/types\/post"}],"author":[{"embeddable":true,"href":"https:\/\/sistemafaetsenar.org.br\/faet\/wp-json\/wp\/v2\/users\/3"}],"replies":[{"embeddable":true,"href":"https:\/\/sistemafaetsenar.org.br\/faet\/wp-json\/wp\/v2\/comments?post=3834"}],"version-history":[{"count":0,"href":"https:\/\/sistemafaetsenar.org.br\/faet\/wp-json\/wp\/v2\/posts\/3834\/revisions"}],"wp:featuredmedia":[{"embeddable":true,"href":"https:\/\/sistemafaetsenar.org.br\/faet\/wp-json\/wp\/v2\/media\/3835"}],"wp:attachment":[{"href":"https:\/\/sistemafaetsenar.org.br\/faet\/wp-json\/wp\/v2\/media?parent=3834"}],"wp:term":[{"taxonomy":"category","embeddable":true,"href":"https:\/\/sistemafaetsenar.org.br\/faet\/wp-json\/wp\/v2\/categories?post=3834"},{"taxonomy":"post_tag","embeddable":true,"href":"https:\/\/sistemafaetsenar.org.br\/faet\/wp-json\/wp\/v2\/tags?post=3834"}],"curies":[{"name":"wp","href":"https:\/\/api.w.org\/{rel}","templated":true}]}}