{"id":3826,"date":"2026-01-27T10:36:22","date_gmt":"2026-01-27T13:36:22","guid":{"rendered":"https:\/\/sistemafaetsenar.org.br\/faet\/?p=3826"},"modified":"2026-01-27T13:37:08","modified_gmt":"2026-01-27T16:37:08","slug":"nova-diretoria-da-faet-realiza-primeira-reuniao-e-define-prioridades-para-2026","status":"publish","type":"post","link":"https:\/\/sistemafaetsenar.org.br\/faet\/nova-diretoria-da-faet-realiza-primeira-reuniao-e-define-prioridades-para-2026\/","title":{"rendered":"Nova diretoria da FAET realiza primeira reuni\u00e3o e define prioridades para 2026"},"content":{"rendered":"<p>O presidente do Sistema FAET\/Senar, Paulo Carneiro, reuniu os membros da nova diretoria da Federa\u00e7\u00e3o da Agricultura e Pecu\u00e1ria do Tocantins (FAET) para a primeira reuni\u00e3o de trabalho do mandato.<\/p>\n<p>&nbsp;<\/p>\n<p>O encontro teve como objetivo promover o alinhamento das principais pautas e a\u00e7\u00f5es que ir\u00e3o orientar a atua\u00e7\u00e3o da entidade ao longo de 2026.<\/p>\n<p>&nbsp;<\/p>\n<p>Entre os temas debatidos est\u00e3o o andamento das discuss\u00f5es sobre REDD+ e cr\u00e9dito de carbono, a proposta de Zoneamento Ecol\u00f3gico-Econ\u00f4mico (ZEE) para o estado e da rastreabilidade bovina, assuntos considerados estrat\u00e9gicos para o setor produtivo tocantinense.<\/p>\n<p>&nbsp;<\/p>\n<p>Na pauta sobre a atua\u00e7\u00e3o da FAET em 2026, a diretoria destacou tamb\u00e9m a inten\u00e7\u00e3o de ampliar o olhar para as exposi\u00e7\u00f5es agropecu\u00e1rias e feiras como importantes espa\u00e7os de neg\u00f3cios e oportunidades para produtores rurais e munic\u00edpios.<\/p>\n<p>\u201cEstes eventos s\u00e3o fundamentais para a economia dessas localidades, mas temos que priorizar os interesses dos produtores e fazer desses eventos uma refer\u00eancia para os neg\u00f3cios do campo\u201d, destacou o presidente.<\/p>\n<p>&nbsp;<\/p>\n<p>A reuni\u00e3o contou ainda com a participa\u00e7\u00e3o do secret\u00e1rio estadual de Agricultura e Pecu\u00e1ria, Fred Sodr\u00e9, que tamb\u00e9m \u00e9 1 vice-presidente da Federa\u00e7\u00e3o e da superintendente do Senar Tocantins, Rayley Luzza, que tratou dos eventos t\u00e9cnicos e de a\u00e7\u00f5es da entidade em parceria com a federa\u00e7\u00e3o e sindicatos rurais.<\/p>\n<p>&nbsp;<\/p>\n<p>Durante o encontro, o superintendente da FAET, Miller Santana, destacou que a Federa\u00e7\u00e3o ir\u00e1 capacitar os t\u00e9cnicos dos sindicatos rurais para viabilizar \u00e0s entidades a formaliza\u00e7\u00e3o de conv\u00eanios voltados \u00e0 realiza\u00e7\u00e3o de feiras e eventos agropecu\u00e1rios.<\/p>\n<p>&nbsp;<\/p>\n<p>&nbsp;<\/p>\n","protected":false},"excerpt":{"rendered":"<p>O presidente do Sistema FAET\/Senar, Paulo Carneiro, reuniu os membros da nova diretoria da Federa\u00e7\u00e3o da Agricultura e Pecu\u00e1ria do Tocantins (FAET) para a primeira reuni\u00e3o de trabalho do mandato. &nbsp; O encontro teve como objetivo promover o alinhamento das principais pautas e a\u00e7\u00f5es que ir\u00e3o orientar a atua\u00e7\u00e3o da entidade ao longo de 2026. [&hellip;]<\/p>\n","protected":false},"author":3,"featured_media":3830,"comment_status":"open","ping_status":"open","sticky":false,"template":"","format":"standard","meta":{"kia_subtitle":"","footnotes":""},"categories":[26],"tags":[],"class_list":["post-3826","post","type-post","status-publish","format-standard","has-post-thumbnail","hentry","category-noticia-principal"],"_links":{"self":[{"href":"https:\/\/sistemafaetsenar.org.br\/faet\/wp-json\/wp\/v2\/posts\/3826"}],"collection":[{"href":"https:\/\/sistemafaetsenar.org.br\/faet\/wp-json\/wp\/v2\/posts"}],"about":[{"href":"https:\/\/sistemafaetsenar.org.br\/faet\/wp-json\/wp\/v2\/types\/post"}],"author":[{"embeddable":true,"href":"https:\/\/sistemafaetsenar.org.br\/faet\/wp-json\/wp\/v2\/users\/3"}],"replies":[{"embeddable":true,"href":"https:\/\/sistemafaetsenar.org.br\/faet\/wp-json\/wp\/v2\/comments?post=3826"}],"version-history":[{"count":0,"href":"https:\/\/sistemafaetsenar.org.br\/faet\/wp-json\/wp\/v2\/posts\/3826\/revisions"}],"wp:featuredmedia":[{"embeddable":true,"href":"https:\/\/sistemafaetsenar.org.br\/faet\/wp-json\/wp\/v2\/media\/3830"}],"wp:attachment":[{"href":"https:\/\/sistemafaetsenar.org.br\/faet\/wp-json\/wp\/v2\/media?parent=3826"}],"wp:term":[{"taxonomy":"category","embeddable":true,"href":"https:\/\/sistemafaetsenar.org.br\/faet\/wp-json\/wp\/v2\/categories?post=3826"},{"taxonomy":"post_tag","embeddable":true,"href":"https:\/\/sistemafaetsenar.org.br\/faet\/wp-json\/wp\/v2\/tags?post=3826"}],"curies":[{"name":"wp","href":"https:\/\/api.w.org\/{rel}","templated":true}]}}