{"id":3782,"date":"2026-01-21T17:06:58","date_gmt":"2026-01-21T20:06:58","guid":{"rendered":"https:\/\/sistemafaetsenar.org.br\/faet\/?p=3782"},"modified":"2026-01-21T17:06:58","modified_gmt":"2026-01-21T20:06:58","slug":"sistema-alinha-diretrizes-para-2026-e-celebra-uma-decada-da-atual-gestao","status":"publish","type":"post","link":"https:\/\/sistemafaetsenar.org.br\/faet\/sistema-alinha-diretrizes-para-2026-e-celebra-uma-decada-da-atual-gestao\/","title":{"rendered":"SISTEMA ALINHA DIRETRIZES PARA 2026 E CELEBRA UMA D\u00c9CADA DA ATUAL GEST\u00c3O"},"content":{"rendered":"<p>O Sistema FAET\/SENAR Tocantins reuniu seus colaboradores para um encontro institucional de alinhamento, planejamento e reconhecimento, marcando as diretrizes e metas para 2026 e a celebra\u00e7\u00e3o de uma d\u00e9cada da atual gest\u00e3o, iniciada em 2015.<\/p>\n<p>&nbsp;<\/p>\n<p>Durante a reuni\u00e3o, o presidente Paulo Carneiro destacou que os resultados alcan\u00e7ados ao longo desses anos s\u00e3o fruto do trabalho coletivo. Em sua fala, refor\u00e7ou que nenhuma conquista \u00e9 individual e que o crescimento do Sistema s\u00f3 foi poss\u00edvel gra\u00e7as ao empenho de cada colaborador.<\/p>\n<p>&nbsp;<\/p>\n<p><img fetchpriority=\"high\" decoding=\"async\" class=\"alignnone wp-image-3783 size-large\" src=\"https:\/\/sistemafaetsenar.org.br\/faet\/wp-content\/uploads\/2026\/01\/WhatsApp-Image-2026-01-21-at-11.13.09-1024x576.jpeg\" alt=\"\" width=\"780\" height=\"439\" srcset=\"https:\/\/sistemafaetsenar.org.br\/faet\/wp-content\/uploads\/2026\/01\/WhatsApp-Image-2026-01-21-at-11.13.09-1024x576.jpeg 1024w, https:\/\/sistemafaetsenar.org.br\/faet\/wp-content\/uploads\/2026\/01\/WhatsApp-Image-2026-01-21-at-11.13.09-300x169.jpeg 300w, https:\/\/sistemafaetsenar.org.br\/faet\/wp-content\/uploads\/2026\/01\/WhatsApp-Image-2026-01-21-at-11.13.09.jpeg 1280w\" sizes=\"(max-width: 780px) 100vw, 780px\" \/><\/p>\n<p>&nbsp;<\/p>\n<p>A superintendente do SENAR Tocantins, Rayley Luzza, apresentou um panorama das principais entregas constru\u00eddas ao longo de mais de 10 anos da atual gest\u00e3o, ressaltando o fortalecimento institucional, a amplia\u00e7\u00e3o do alcance das a\u00e7\u00f5es e o reconhecimento do Sistema FAET\/SENAR pela sociedade tocantinense. Segundo ela, esse posicionamento foi resultado de planejamento estrat\u00e9gico, investimento em comunica\u00e7\u00e3o, valoriza\u00e7\u00e3o das pessoas e presen\u00e7a constante junto aos produtores e trabalhadores rurais.<\/p>\n<p><img decoding=\"async\" class=\"alignnone wp-image-3784 size-large\" src=\"https:\/\/sistemafaetsenar.org.br\/faet\/wp-content\/uploads\/2026\/01\/WhatsApp-Image-2026-01-21-at-11.13.10-1024x683.jpeg\" alt=\"\" width=\"780\" height=\"520\" srcset=\"https:\/\/sistemafaetsenar.org.br\/faet\/wp-content\/uploads\/2026\/01\/WhatsApp-Image-2026-01-21-at-11.13.10-1024x683.jpeg 1024w, https:\/\/sistemafaetsenar.org.br\/faet\/wp-content\/uploads\/2026\/01\/WhatsApp-Image-2026-01-21-at-11.13.10-300x200.jpeg 300w, https:\/\/sistemafaetsenar.org.br\/faet\/wp-content\/uploads\/2026\/01\/WhatsApp-Image-2026-01-21-at-11.13.10.jpeg 1280w\" sizes=\"(max-width: 780px) 100vw, 780px\" \/><\/p>\n<p>O superintendente da FAET, Miller Santana, destacou a capilaridade da institui\u00e7\u00e3o no Estado, viabilizada pela atua\u00e7\u00e3o conjunta do SENAR e dos 40 sindicatos rurais, que permitem ao Sistema alcan\u00e7ar praticamente todos os munic\u00edpios tocantinenses.<\/p>\n<p><img decoding=\"async\" class=\"alignnone wp-image-3785 size-large\" src=\"https:\/\/sistemafaetsenar.org.br\/faet\/wp-content\/uploads\/2026\/01\/WhatsApp-Image-2026-01-21-at-11.13.12-1024x682.jpeg\" alt=\"\" width=\"780\" height=\"519\" srcset=\"https:\/\/sistemafaetsenar.org.br\/faet\/wp-content\/uploads\/2026\/01\/WhatsApp-Image-2026-01-21-at-11.13.12-1024x682.jpeg 1024w, https:\/\/sistemafaetsenar.org.br\/faet\/wp-content\/uploads\/2026\/01\/WhatsApp-Image-2026-01-21-at-11.13.12-300x200.jpeg 300w, https:\/\/sistemafaetsenar.org.br\/faet\/wp-content\/uploads\/2026\/01\/WhatsApp-Image-2026-01-21-at-11.13.12.jpeg 1600w\" sizes=\"(max-width: 780px) 100vw, 780px\" \/><\/p>\n<p>Ao longo do encontro, diretores e gestores apresentaram suas \u00e1reas de atua\u00e7\u00e3o, promovendo integra\u00e7\u00e3o, alinhamento interno e compreens\u00e3o do papel estrat\u00e9gico de cada departamento dentro do Sistema.<\/p>\n<p>&nbsp;<\/p>\n<p>O evento contou ainda com um momento de f\u00e9 conduzido pelo padre Eduardo Zanom e com a presen\u00e7a do secret\u00e1rio estadual da Agricultura e Pecu\u00e1ria, Fred Sodr\u00e9, refor\u00e7ando parcerias e o compromisso institucional com o desenvolvimento do agro tocantinense.<\/p>\n<p>&nbsp;<\/p>\n<p>Mais do que um alinhamento para 2026, o encontro reafirmou valores, reconheceu trajet\u00f3rias e fortaleceu o prop\u00f3sito que sustenta o Sistema FAET\/SENAR Tocantins ao longo de uma d\u00e9cada de trabalho cont\u00ednuo.<\/p>\n","protected":false},"excerpt":{"rendered":"<p>O Sistema FAET\/SENAR Tocantins reuniu seus colaboradores para um encontro institucional de alinhamento, planejamento e reconhecimento, marcando as diretrizes e metas para 2026 e a celebra\u00e7\u00e3o de uma d\u00e9cada da atual gest\u00e3o, iniciada em 2015. &nbsp; Durante a reuni\u00e3o, o presidente Paulo Carneiro destacou que os resultados alcan\u00e7ados ao longo desses anos s\u00e3o fruto do [&hellip;]<\/p>\n","protected":false},"author":3,"featured_media":3786,"comment_status":"open","ping_status":"open","sticky":false,"template":"","format":"standard","meta":{"kia_subtitle":"","footnotes":""},"categories":[26],"tags":[],"class_list":["post-3782","post","type-post","status-publish","format-standard","has-post-thumbnail","hentry","category-noticia-principal"],"_links":{"self":[{"href":"https:\/\/sistemafaetsenar.org.br\/faet\/wp-json\/wp\/v2\/posts\/3782"}],"collection":[{"href":"https:\/\/sistemafaetsenar.org.br\/faet\/wp-json\/wp\/v2\/posts"}],"about":[{"href":"https:\/\/sistemafaetsenar.org.br\/faet\/wp-json\/wp\/v2\/types\/post"}],"author":[{"embeddable":true,"href":"https:\/\/sistemafaetsenar.org.br\/faet\/wp-json\/wp\/v2\/users\/3"}],"replies":[{"embeddable":true,"href":"https:\/\/sistemafaetsenar.org.br\/faet\/wp-json\/wp\/v2\/comments?post=3782"}],"version-history":[{"count":0,"href":"https:\/\/sistemafaetsenar.org.br\/faet\/wp-json\/wp\/v2\/posts\/3782\/revisions"}],"wp:featuredmedia":[{"embeddable":true,"href":"https:\/\/sistemafaetsenar.org.br\/faet\/wp-json\/wp\/v2\/media\/3786"}],"wp:attachment":[{"href":"https:\/\/sistemafaetsenar.org.br\/faet\/wp-json\/wp\/v2\/media?parent=3782"}],"wp:term":[{"taxonomy":"category","embeddable":true,"href":"https:\/\/sistemafaetsenar.org.br\/faet\/wp-json\/wp\/v2\/categories?post=3782"},{"taxonomy":"post_tag","embeddable":true,"href":"https:\/\/sistemafaetsenar.org.br\/faet\/wp-json\/wp\/v2\/tags?post=3782"}],"curies":[{"name":"wp","href":"https:\/\/api.w.org\/{rel}","templated":true}]}}