{"id":3775,"date":"2025-12-18T17:29:25","date_gmt":"2025-12-18T20:29:25","guid":{"rendered":"https:\/\/sistemafaetsenar.org.br\/faet\/?p=3775"},"modified":"2025-12-18T18:31:00","modified_gmt":"2025-12-18T21:31:00","slug":"sistema-faet-senar-apresenta-balanco-anual-de-acoes-em-2025","status":"publish","type":"post","link":"https:\/\/sistemafaetsenar.org.br\/faet\/sistema-faet-senar-apresenta-balanco-anual-de-acoes-em-2025\/","title":{"rendered":"Sistema FAET\/SENAR apresenta balan\u00e7o anual de a\u00e7\u00f5es em 2025"},"content":{"rendered":"<p>\u201c2025 foi mais um ano de muita entrega do sistema. Um ano em que o Sistema FAET\/SENAR esteve ao lado do produtor rural, defendendo seus interesses, levando conhecimento, assist\u00eancia t\u00e9cnica e ajudando a movimentar a economia dos munic\u00edpios tocantinenses\u201d<\/p>\n<p>&nbsp;<\/p>\n<p>As palavras s\u00e3o do presidente do Sistema FAET\/SENAR, Paulo Carneiro, ao resumir o balan\u00e7o das a\u00e7\u00f5es realizadas ao longo do ano. Em 2025, a atua\u00e7\u00e3o integrada da Federa\u00e7\u00e3o da Agricultura e Pecu\u00e1ria do Tocantins (FAET) e do Senar Tocantins gerou resultados expressivos nas \u00e1reas de representa\u00e7\u00e3o institucional, assist\u00eancia t\u00e9cnica, qualifica\u00e7\u00e3o profissional rural e desenvolvimento regional.<\/p>\n<p>&nbsp;<\/p>\n<p><strong>FAET<\/strong><\/p>\n<p>Um dos exemplos mais vis\u00edveis desse impacto foi o apoio da FAET \u00e0 realiza\u00e7\u00e3o de 32 exposi\u00e7\u00f5es agropecu\u00e1rias em diferentes regi\u00f5es do estado. Os eventos movimentaram R$ 818.420.375,45 e reuniram um p\u00fablico total de 976.607 pessoas, evidenciando a relev\u00e2ncia das feiras para a economia local, a gera\u00e7\u00e3o de neg\u00f3cios e o fortalecimento dos munic\u00edpios tocantinenses.<\/p>\n<p>&nbsp;<\/p>\n<p>Na representa\u00e7\u00e3o institucional, a FAET atuou de forma estrat\u00e9gica em pautas estruturantes para o agro do Tocantins. Destacam-se as contribui\u00e7\u00f5es t\u00e9cnicas e jur\u00eddicas no debate do Zoneamento Ecol\u00f3gico-Econ\u00f4mico (ZEE-TO), que resultaram na retirada do projeto de pauta para rediscuss\u00e3o e no in\u00edcio de um trabalho conjunto com o Executivo estadual para aprimoramento do texto.<\/p>\n<p>&nbsp;<\/p>\n<p>A Federa\u00e7\u00e3o tamb\u00e9m liderou a reativa\u00e7\u00e3o da C\u00e2mara Setorial do Leite, assumindo a presid\u00eancia, revisando o planejamento estrat\u00e9gico, criando grupos de trabalho e ampliando discuss\u00f5es sobre financiamento, pesquisa e o Projeto Mais Leite Saud\u00e1vel. Em pautas ambientais e tribut\u00e1rias, a FAET participou da aprova\u00e7\u00e3o de diretrizes para uso de recursos do FUEMA (Fundo Estadual do Meio Ambiente), defendeu a redu\u00e7\u00e3o de tributos sobre a produ\u00e7\u00e3o, acompanhou debates sobre a rastreabilidade bovina e realizou manifesta\u00e7\u00f5es em defesa dos interesses do setor produtivo.<\/p>\n<p>&nbsp;<\/p>\n<p>Ainda no campo institucional, a FAET atuou na regulariza\u00e7\u00e3o ambiental, atendendo cerca de 800 produtores rurais em 15 munic\u00edpios por meio do RETIFICAR, e avan\u00e7ou no di\u00e1logo com a concession\u00e1ria de energia el\u00e9trica, resultando na formaliza\u00e7\u00e3o de um Termo de Coopera\u00e7\u00e3o T\u00e9cnica com a Energisa, atualmente em fase final de valida\u00e7\u00e3o. A Federa\u00e7\u00e3o tamb\u00e9m desenvolveu estudos t\u00e9cnicos sobre o Valor da Terra Nua Tribut\u00e1vel (VTNT), para fins de ITR (Imposto Territorial Rural), contribuindo com dados estrat\u00e9gicos para subsidiar pol\u00edticas p\u00fablicas e decis\u00f5es institucionais.<\/p>\n<p>&nbsp;<\/p>\n<p>Segundo o assessor de Rela\u00e7\u00f5es Institucionais, Luiz Claudio Faria, 2025 marcou o in\u00edcio de um novo ciclo no Departamento T\u00e9cnico da FAET, a partir de uma reestrutura\u00e7\u00e3o interna e da organiza\u00e7\u00e3o de processos. \u201cConseguimos qualificar nossa atua\u00e7\u00e3o t\u00e9cnica. A partir disso, estruturamos a capta\u00e7\u00e3o e a sistematiza\u00e7\u00e3o de dados e passamos a acompanhar de forma mais consistente os temas que impactam diretamente o setor produtivo\u201d, afirmou.<\/p>\n<p>&nbsp;<\/p>\n<p>\u201cEsse novo formato nos permitiu participar de maneira efetiva das pautas relevantes para o agro, com presen\u00e7a t\u00e9cnica em conselhos, c\u00e2maras e f\u00f3runs, contribuindo para a defesa do produtor rural em temas ambientais, econ\u00f4micos, trabalhistas e institucionais. O saldo de 2025 \u00e9 de organiza\u00e7\u00e3o, presen\u00e7a e resultado. Encerramos o ano mais preparados, mais informados e mais atuantes, com uma base s\u00f3lida para avan\u00e7ar ainda mais em 2026\u201d, completou.<\/p>\n<p>&nbsp;<\/p>\n<p><strong>SENAR<\/strong><\/p>\n<p>&nbsp;<\/p>\n<p>A Assist\u00eancia T\u00e9cnica e Gerencial (ATeG) do Senar apresentou crescimento significativo em 2025. O programa ampliou o atendimento de 7.200 propriedades em 2024 para mais de 8 mil em 2025. Outro dado expressivo aponta que at\u00e9 dezembro foram mais de 50 mil visitas t\u00e9cnicas aos produtores rurais em todo o estado.<\/p>\n<p>&nbsp;<\/p>\n<p>De acordo com o diretor de Assist\u00eancia T\u00e9cnica, Fabr\u00edcio Vasconcelos, o setor alcan\u00e7ou a marca de 220 t\u00e9cnicos de campo, que permite ampliar os servi\u00e7os no pr\u00f3ximo ano. \u201cAl\u00e9m disso, mais de 150 t\u00e9cnicos, instrutores e supervisores foram capacitados durante a Jornada Tecnol\u00f3gica do Programa Agronorte, fortalecendo a qualidade da assist\u00eancia t\u00e9cnica prestada aos produtores rurais\u201d, pontuou.<\/p>\n<p>&nbsp;<\/p>\n<p>O Departamento de Forma\u00e7\u00e3o Profissional Rural e Promo\u00e7\u00e3o Social (DEPPS) consolidou avan\u00e7os importantes na qualifica\u00e7\u00e3o de produtores e trabalhadores rurais. Ao todo, em parceria com os sindicatos rurais, foram realizadas 1.605 a\u00e7\u00f5es, beneficiando quase 30 mil pessoas, o que representa um crescimento de 26,7% no n\u00famero de a\u00e7\u00f5es e de 9,7% no n\u00famero de atendidos em rela\u00e7\u00e3o ao ano anterior.<\/p>\n<p>&nbsp;<\/p>\n<p>A maior parte dos participantes esteve envolvida em cursos de Forma\u00e7\u00e3o Profissional Rural, com destaque para capacita\u00e7\u00f5es em opera\u00e7\u00e3o de drones, inform\u00e1tica b\u00e1sica, mecaniza\u00e7\u00e3o agr\u00edcola e classifica\u00e7\u00e3o de gr\u00e3os.<\/p>\n<p>&nbsp;<\/p>\n<p>O Programa Sa\u00fade no Campo, que promove a sa\u00fade de produtores atendidos pela ATeG, de seus familiares e de trabalhadores rurais por meio de visitas domiciliares, telessa\u00fade e a\u00e7\u00f5es educativas, tamb\u00e9m se destacou em 2025. Foram 2.143 produtores e trabalhadores atendidos, 851 propriedades beneficiadas e 2.390 visitas realizadas em cerca de 40 munic\u00edpios das regi\u00f5es Sudeste, Sul e Bico do Papagaio.<\/p>\n<p>&nbsp;<\/p>\n<p>Para a superintendente do Senar Tocantins, Rayley Luzza, os n\u00fameros refletem o avan\u00e7o consistente do trabalho realizado ao longo do ano. \u201cQuando olho para os n\u00fameros de 2025, fica muito claro o quanto conseguimos avan\u00e7ar. Esse foi um ano em que superamos 2024, que j\u00e1 tinha sido um ano de muitas a\u00e7\u00f5es, o que torna esse resultado ainda mais significativo. Cada a\u00e7\u00e3o realizada representou algu\u00e9m aprendendo, se qualificando e abrindo novas oportunidades. Encerramos 2025 com a certeza de que ampliamos nosso alcance e seguimos transformando vidas\u201d, destacou.<\/p>\n<p>&nbsp;<\/p>\n<p>J\u00e1 a diretora de Educa\u00e7\u00e3o Profissional Rural e Promo\u00e7\u00e3o Social do Senar, Kl\u00edsia Oliveira, \u201cos n\u00fameros de 2025 representam muito mais do que crescimento. Eles mostram o impacto direto do Senar na vida dos produtores, trabalhadores rurais e de suas fam\u00edlias. Cada atendimento, cada curso e cada visita t\u00e9cnica refletem o nosso compromisso com a transforma\u00e7\u00e3o do campo\u201d, finalizou.<\/p>\n","protected":false},"excerpt":{"rendered":"<p>\u201c2025 foi mais um ano de muita entrega do sistema. Um ano em que o Sistema FAET\/SENAR esteve ao lado do produtor rural, defendendo seus interesses, levando conhecimento, assist\u00eancia t\u00e9cnica e ajudando a movimentar a economia dos munic\u00edpios tocantinenses\u201d &nbsp; As palavras s\u00e3o do presidente do Sistema FAET\/SENAR, Paulo Carneiro, ao resumir o balan\u00e7o das [&hellip;]<\/p>\n","protected":false},"author":3,"featured_media":3780,"comment_status":"open","ping_status":"open","sticky":false,"template":"","format":"standard","meta":{"kia_subtitle":"","footnotes":""},"categories":[26],"tags":[],"class_list":["post-3775","post","type-post","status-publish","format-standard","has-post-thumbnail","hentry","category-noticia-principal"],"_links":{"self":[{"href":"https:\/\/sistemafaetsenar.org.br\/faet\/wp-json\/wp\/v2\/posts\/3775"}],"collection":[{"href":"https:\/\/sistemafaetsenar.org.br\/faet\/wp-json\/wp\/v2\/posts"}],"about":[{"href":"https:\/\/sistemafaetsenar.org.br\/faet\/wp-json\/wp\/v2\/types\/post"}],"author":[{"embeddable":true,"href":"https:\/\/sistemafaetsenar.org.br\/faet\/wp-json\/wp\/v2\/users\/3"}],"replies":[{"embeddable":true,"href":"https:\/\/sistemafaetsenar.org.br\/faet\/wp-json\/wp\/v2\/comments?post=3775"}],"version-history":[{"count":0,"href":"https:\/\/sistemafaetsenar.org.br\/faet\/wp-json\/wp\/v2\/posts\/3775\/revisions"}],"wp:featuredmedia":[{"embeddable":true,"href":"https:\/\/sistemafaetsenar.org.br\/faet\/wp-json\/wp\/v2\/media\/3780"}],"wp:attachment":[{"href":"https:\/\/sistemafaetsenar.org.br\/faet\/wp-json\/wp\/v2\/media?parent=3775"}],"wp:term":[{"taxonomy":"category","embeddable":true,"href":"https:\/\/sistemafaetsenar.org.br\/faet\/wp-json\/wp\/v2\/categories?post=3775"},{"taxonomy":"post_tag","embeddable":true,"href":"https:\/\/sistemafaetsenar.org.br\/faet\/wp-json\/wp\/v2\/tags?post=3775"}],"curies":[{"name":"wp","href":"https:\/\/api.w.org\/{rel}","templated":true}]}}