{"id":3764,"date":"2025-12-16T11:53:44","date_gmt":"2025-12-16T14:53:44","guid":{"rendered":"https:\/\/sistemafaetsenar.org.br\/faet\/?p=3764"},"modified":"2025-12-16T11:59:15","modified_gmt":"2025-12-16T14:59:15","slug":"faet-parabeniza-escolha-do-governo-de-novo-secretario-da-agricultura","status":"publish","type":"post","link":"https:\/\/sistemafaetsenar.org.br\/faet\/faet-parabeniza-escolha-do-governo-de-novo-secretario-da-agricultura\/","title":{"rendered":"FAET PARABENIZA ESCOLHA DO GOVERNO DE NOVO SECRET\u00c1RIO DA AGRICULTURA"},"content":{"rendered":"<p>\u201cO setor produtivo tocantinense se sente extremamente bem representado com a escolha de Fred Sodr\u00e9 para a Secretaria Estadual da Agricultura. Ele tem uma trajet\u00f3ria de lutas em favor do produtor rural e do nosso setor, conhece como poucos os desafios de produzir e tem a sensibilidade de entender as demandas do pequeno ao grande produtor. O governador fez uma excelente escolha.\u201d<\/p>\n<p><img fetchpriority=\"high\" decoding=\"async\" class=\"alignnone wp-image-3765 size-large\" src=\"https:\/\/sistemafaetsenar.org.br\/faet\/wp-content\/uploads\/2025\/12\/WhatsApp-Image-2025-12-16-at-10.50.32-926x1024.jpeg\" alt=\"\" width=\"780\" height=\"863\" srcset=\"https:\/\/sistemafaetsenar.org.br\/faet\/wp-content\/uploads\/2025\/12\/WhatsApp-Image-2025-12-16-at-10.50.32-926x1024.jpeg 926w, https:\/\/sistemafaetsenar.org.br\/faet\/wp-content\/uploads\/2025\/12\/WhatsApp-Image-2025-12-16-at-10.50.32-271x300.jpeg 271w, https:\/\/sistemafaetsenar.org.br\/faet\/wp-content\/uploads\/2025\/12\/WhatsApp-Image-2025-12-16-at-10.50.32.jpeg 1447w\" sizes=\"(max-width: 780px) 100vw, 780px\" \/><\/p>\n<p>As palavras s\u00e3o do presidente do Sistema FAET\/Senar\/IFAET\/Sindicatos Rurais, Paulo Carneiro, ao comentar a nomea\u00e7\u00e3o do novo secret\u00e1rio da pasta, publicada no Di\u00e1rio Oficial desta ter\u00e7a, 16\/12. Segundo ele, todo o segmento rural est\u00e1 satisfeito com a decis\u00e3o do governador Wanderlei Barbosa porque entende que ela contempla os anseios do setor produtivo.<\/p>\n<p><img decoding=\"async\" class=\"alignnone wp-image-3768 size-large\" src=\"https:\/\/sistemafaetsenar.org.br\/faet\/wp-content\/uploads\/2025\/12\/WhatsApp-Image-2025-12-16-at-10.50.25-1024x671.jpeg\" alt=\"\" width=\"780\" height=\"511\" srcset=\"https:\/\/sistemafaetsenar.org.br\/faet\/wp-content\/uploads\/2025\/12\/WhatsApp-Image-2025-12-16-at-10.50.25-1024x671.jpeg 1024w, https:\/\/sistemafaetsenar.org.br\/faet\/wp-content\/uploads\/2025\/12\/WhatsApp-Image-2025-12-16-at-10.50.25-300x197.jpeg 300w, https:\/\/sistemafaetsenar.org.br\/faet\/wp-content\/uploads\/2025\/12\/WhatsApp-Image-2025-12-16-at-10.50.25.jpeg 1361w\" sizes=\"(max-width: 780px) 100vw, 780px\" \/><\/p>\n<p>Paulo Carneiro destacou que o Sistema FAET intensificou e ampliou suas a\u00e7\u00f5es na defesa do produtor e no incentivo \u00e0 atividade produtiva tecnificada e rent\u00e1vel e que Fred Sodr\u00e9 tem tido uma participa\u00e7\u00e3o fundamental nesse processo, que o qualifica para a nova fun\u00e7\u00e3o.<\/p>\n<p>&nbsp;<\/p>\n<p>\u201cVamos trabalhar juntos porque sabemos que esta gest\u00e3o tem sido sens\u00edvel \u00e0s causas do agro e j\u00e1 demonstrou em v\u00e1rias ocasi\u00f5es que est\u00e1 ao lado do agroneg\u00f3cio, o motor da nossa economia. Com o Fred esperamos incrementar ainda mais esse trabalho\u201d, garantiu o presidente.<\/p>\n<p>&nbsp;<\/p>\n<p>TRAJET\u00d3RIA<\/p>\n<p>Natural de Miracema do Tocantins, Fred Sodr\u00e9 \u00e9 produtor e administrador, atualmente \u00e9 Presidente do Sindicato Rural de Miracema, superintendente da FAET e recentemente foi eleito para o cargo de vice-presidente da Federa\u00e7\u00e3o, na chapa liderada por Paulo Carneiro, a partir de 2026.<\/p>\n<p><img decoding=\"async\" class=\"alignnone wp-image-3767 size-full\" src=\"https:\/\/sistemafaetsenar.org.br\/faet\/wp-content\/uploads\/2025\/12\/WhatsApp-Image-2025-12-16-at-10.50.30.jpeg\" alt=\"\" width=\"855\" height=\"853\" srcset=\"https:\/\/sistemafaetsenar.org.br\/faet\/wp-content\/uploads\/2025\/12\/WhatsApp-Image-2025-12-16-at-10.50.30.jpeg 855w, https:\/\/sistemafaetsenar.org.br\/faet\/wp-content\/uploads\/2025\/12\/WhatsApp-Image-2025-12-16-at-10.50.30-300x300.jpeg 300w, https:\/\/sistemafaetsenar.org.br\/faet\/wp-content\/uploads\/2025\/12\/WhatsApp-Image-2025-12-16-at-10.50.30-150x150.jpeg 150w\" sizes=\"(max-width: 855px) 100vw, 855px\" \/><\/p>\n<p>Tamb\u00e9m j\u00e1 foi vereador e presidente da C\u00e2mara de Vereadores de Miracema, secret\u00e1rio de Educa\u00e7\u00e3o, de Juventude, Cultura, Esporte e Turismo do munic\u00edpio e como feito tem o fato de ser idealizador e criador do Miracaxi, um carnaval fora de \u00e9poca que se tornou um dos maiores eventos culturais do estado.<\/p>\n<p>&nbsp;<\/p>\n<p>\u00c0 frente das entidades rurais, Fred Sodr\u00e9 \u00e9 conhecido pela sua capacidade de articula\u00e7\u00e3o, bom relacionamento com os diversos segmentos do agro, inclusive as entidades de trabalhadores rurais.<\/p>\n","protected":false},"excerpt":{"rendered":"<p>\u201cO setor produtivo tocantinense se sente extremamente bem representado com a escolha de Fred Sodr\u00e9 para a Secretaria Estadual da Agricultura. Ele tem uma trajet\u00f3ria de lutas em favor do produtor rural e do nosso setor, conhece como poucos os desafios de produzir e tem a sensibilidade de entender as demandas do pequeno ao grande [&hellip;]<\/p>\n","protected":false},"author":3,"featured_media":3768,"comment_status":"open","ping_status":"open","sticky":false,"template":"","format":"standard","meta":{"kia_subtitle":"","footnotes":""},"categories":[26],"tags":[],"class_list":["post-3764","post","type-post","status-publish","format-standard","has-post-thumbnail","hentry","category-noticia-principal"],"_links":{"self":[{"href":"https:\/\/sistemafaetsenar.org.br\/faet\/wp-json\/wp\/v2\/posts\/3764"}],"collection":[{"href":"https:\/\/sistemafaetsenar.org.br\/faet\/wp-json\/wp\/v2\/posts"}],"about":[{"href":"https:\/\/sistemafaetsenar.org.br\/faet\/wp-json\/wp\/v2\/types\/post"}],"author":[{"embeddable":true,"href":"https:\/\/sistemafaetsenar.org.br\/faet\/wp-json\/wp\/v2\/users\/3"}],"replies":[{"embeddable":true,"href":"https:\/\/sistemafaetsenar.org.br\/faet\/wp-json\/wp\/v2\/comments?post=3764"}],"version-history":[{"count":0,"href":"https:\/\/sistemafaetsenar.org.br\/faet\/wp-json\/wp\/v2\/posts\/3764\/revisions"}],"wp:featuredmedia":[{"embeddable":true,"href":"https:\/\/sistemafaetsenar.org.br\/faet\/wp-json\/wp\/v2\/media\/3768"}],"wp:attachment":[{"href":"https:\/\/sistemafaetsenar.org.br\/faet\/wp-json\/wp\/v2\/media?parent=3764"}],"wp:term":[{"taxonomy":"category","embeddable":true,"href":"https:\/\/sistemafaetsenar.org.br\/faet\/wp-json\/wp\/v2\/categories?post=3764"},{"taxonomy":"post_tag","embeddable":true,"href":"https:\/\/sistemafaetsenar.org.br\/faet\/wp-json\/wp\/v2\/tags?post=3764"}],"curies":[{"name":"wp","href":"https:\/\/api.w.org\/{rel}","templated":true}]}}