{"id":3753,"date":"2025-12-10T09:41:17","date_gmt":"2025-12-10T12:41:17","guid":{"rendered":"https:\/\/sistemafaetsenar.org.br\/faet\/?p=3753"},"modified":"2025-12-10T09:41:17","modified_gmt":"2025-12-10T12:41:17","slug":"paulo-carneiro-amplia-atuacao-nacional-ao-assumir-novas-funcoes-na-cna","status":"publish","type":"post","link":"https:\/\/sistemafaetsenar.org.br\/faet\/paulo-carneiro-amplia-atuacao-nacional-ao-assumir-novas-funcoes-na-cna\/","title":{"rendered":"Paulo Carneiro amplia atua\u00e7\u00e3o nacional ao assumir novas fun\u00e7\u00f5es na CNA"},"content":{"rendered":"<p>\u201cQuero fazer muito pelo meu estado do Tocantins, que muito me orgulha e tamb\u00e9m pelos produtores rurais de todo o pa\u00eds, porque foi nos dada uma grande miss\u00e3o de representar o agroneg\u00f3cio tocantinense e brasileiro\u201d.<\/p>\n<p><img fetchpriority=\"high\" decoding=\"async\" class=\"alignnone wp-image-3759 size-full\" src=\"https:\/\/sistemafaetsenar.org.br\/faet\/wp-content\/uploads\/2025\/12\/54974890741_7a758414f2_c.jpg\" alt=\"\" width=\"800\" height=\"450\" srcset=\"https:\/\/sistemafaetsenar.org.br\/faet\/wp-content\/uploads\/2025\/12\/54974890741_7a758414f2_c.jpg 800w, https:\/\/sistemafaetsenar.org.br\/faet\/wp-content\/uploads\/2025\/12\/54974890741_7a758414f2_c-300x169.jpg 300w\" sizes=\"(max-width: 800px) 100vw, 800px\" \/><\/p>\n<p>As palavras s\u00e3o do presidente do Sistema FAET\/Senar, Paulo Carneiro, que passou a ocupar novas fun\u00e7\u00f5es na entidade m\u00e1xima do setor produtivo rural do pa\u00eds. Em cerim\u00f4nia realizada no Centro Internacional de Conven\u00e7\u00f5es do Brasil (CICB), em Bras\u00edlia\/DF, Paulo Carneiro tomou posse no Conselho Fiscal da Confedera\u00e7\u00e3o da Agricultura e Pecu\u00e1ria do Brasil (CNA) e tamb\u00e9m no Conselho da Superintend\u00eancia do Desenvolvimento da Amaz\u00f4nia (Sudan).<\/p>\n<p><img decoding=\"async\" class=\"alignnone wp-image-3758 size-full\" src=\"https:\/\/sistemafaetsenar.org.br\/faet\/wp-content\/uploads\/2025\/12\/54975187200_d526b23b30_c.jpg\" alt=\"\" width=\"800\" height=\"450\" srcset=\"https:\/\/sistemafaetsenar.org.br\/faet\/wp-content\/uploads\/2025\/12\/54975187200_d526b23b30_c.jpg 800w, https:\/\/sistemafaetsenar.org.br\/faet\/wp-content\/uploads\/2025\/12\/54975187200_d526b23b30_c-300x169.jpg 300w\" sizes=\"(max-width: 800px) 100vw, 800px\" \/><\/p>\n<p>Ao lado do presidente reeleito da CNA, Jo\u00e3o Martins, Paulo Carneiro e os demais membros da nova diretoria e conselho fiscal da Confedera\u00e7\u00e3o foram empossados numa solenidade concorrida que reuniu representantes de entidades do agro, do setor privado, deputados, senadores, embaixadores, autoridades, familiares, produtores rurais, presidentes de Federa\u00e7\u00f5es estaduais de agricultura e pecu\u00e1ria, diretores e integrantes do Sistema CNA\/Senar.<\/p>\n<p><img decoding=\"async\" class=\"alignnone wp-image-3760 size-full\" src=\"https:\/\/sistemafaetsenar.org.br\/faet\/wp-content\/uploads\/2025\/12\/54974766566_81764b5e8f_c-1.jpg\" alt=\"\" width=\"799\" height=\"533\" srcset=\"https:\/\/sistemafaetsenar.org.br\/faet\/wp-content\/uploads\/2025\/12\/54974766566_81764b5e8f_c-1.jpg 799w, https:\/\/sistemafaetsenar.org.br\/faet\/wp-content\/uploads\/2025\/12\/54974766566_81764b5e8f_c-1-300x200.jpg 300w\" sizes=\"(max-width: 799px) 100vw, 799px\" \/><\/p>\n<p><strong>Representatividade\u00a0<\/strong><\/p>\n<p>Al\u00e9m de presidente do Sistema FAET\/Senar e o Conselho Deliberativo do Sebrae Tocantins, Paulo Carneiro, assume um compromisso ainda maior com o desenvolvimento do estado. \u201cSer conselheiro efetivo da maior entidade representativa do agroneg\u00f3cio brasileiro \u00e9 uma grande responsabilidade e um motivo de orgulho\u201d, destacou.<\/p>\n<p>&nbsp;<\/p>\n<p>O marco hist\u00f3rico da representatividade dos produtores acontece num momento em que a CNA celebra a marca de alcan\u00e7ar 400 mil pequenos produtores em todos os pontos do pa\u00eds, priorizando as regi\u00f5es menos favorecidas. \u201cLevamos a essa nova classe um conjunto de conhecimentos e assist\u00eancia, que lhes permite alcan\u00e7ar o m\u00e1ximo de sua capacidade tocantinense\u201d, destacou Jo\u00e3o Martins, presidente da CNA.<\/p>\n<p>&nbsp;<\/p>\n<p>A nova diretoria da Confedera\u00e7\u00e3o e Conselho fiscal ter\u00e1 quatro anos de mandato no mesmo per\u00edodo (quadri\u00eanio 2025-2029). Confira a nova diretoria da entidade:<\/p>\n<p>&nbsp;<\/p>\n<p><strong>Diretoria Executiva<\/strong><\/p>\n<p>Presidente \u2013 Jo\u00e3o Martins da Silva J\u00fanior (BA)<\/p>\n<p>1o vice-presidente \u2013 Gede\u00e3o Silveira Pereira (RS)<\/p>\n<p>2o vice-presidente \u2013 Ant\u00f4nio Pitangui de Salvo (MG)<\/p>\n<p>1o vice-presidente de Finan\u00e7as \u2013 Humberto Miranda (BA)<\/p>\n<p>2o vice-presidente de Finan\u00e7as &#8211; Muni Louren\u00e7o Silva J\u00fanior (AM)<\/p>\n<p>1o vice-presidente de Secretaria \u2013 Marcelo Bertoni (MS)<\/p>\n<p>2o vice-presidente de Secretaria \u2013 Jos\u00e9 Am\u00edlcar de Ara\u00fajo Silveira (CE)<\/p>\n<p>&nbsp;<\/p>\n<p><strong>Conselho Fiscal<\/strong><\/p>\n<p><strong>Efetivos<\/strong><\/p>\n<p>\u00c1lvaro Arthur Lopes de Almeida (AL)<\/p>\n<p><strong><em>Paulo Carneiro (TO)<\/em><\/strong><\/p>\n<p>H\u00e9lio Dias de Souza (RO)<\/p>\n<p><strong>Suplentes<\/strong><\/p>\n<p>Raimundo Coelho de Souza (MA)<\/p>\n<p>Luiz Ira\u00e7\u00fa Guimar\u00e3es Colares (AP)<\/p>\n<p>Jos\u00e9 \u00c1lvares Vieira (RN)<\/p>\n<p>&nbsp;<\/p>\n<p>&nbsp;<\/p>\n","protected":false},"excerpt":{"rendered":"<p>\u201cQuero fazer muito pelo meu estado do Tocantins, que muito me orgulha e tamb\u00e9m pelos produtores rurais de todo o pa\u00eds, porque foi nos dada uma grande miss\u00e3o de representar o agroneg\u00f3cio tocantinense e brasileiro\u201d. As palavras s\u00e3o do presidente do Sistema FAET\/Senar, Paulo Carneiro, que passou a ocupar novas fun\u00e7\u00f5es na entidade m\u00e1xima do [&hellip;]<\/p>\n","protected":false},"author":3,"featured_media":3761,"comment_status":"open","ping_status":"open","sticky":false,"template":"","format":"standard","meta":{"kia_subtitle":"","footnotes":""},"categories":[26],"tags":[],"class_list":["post-3753","post","type-post","status-publish","format-standard","has-post-thumbnail","hentry","category-noticia-principal"],"_links":{"self":[{"href":"https:\/\/sistemafaetsenar.org.br\/faet\/wp-json\/wp\/v2\/posts\/3753"}],"collection":[{"href":"https:\/\/sistemafaetsenar.org.br\/faet\/wp-json\/wp\/v2\/posts"}],"about":[{"href":"https:\/\/sistemafaetsenar.org.br\/faet\/wp-json\/wp\/v2\/types\/post"}],"author":[{"embeddable":true,"href":"https:\/\/sistemafaetsenar.org.br\/faet\/wp-json\/wp\/v2\/users\/3"}],"replies":[{"embeddable":true,"href":"https:\/\/sistemafaetsenar.org.br\/faet\/wp-json\/wp\/v2\/comments?post=3753"}],"version-history":[{"count":0,"href":"https:\/\/sistemafaetsenar.org.br\/faet\/wp-json\/wp\/v2\/posts\/3753\/revisions"}],"wp:featuredmedia":[{"embeddable":true,"href":"https:\/\/sistemafaetsenar.org.br\/faet\/wp-json\/wp\/v2\/media\/3761"}],"wp:attachment":[{"href":"https:\/\/sistemafaetsenar.org.br\/faet\/wp-json\/wp\/v2\/media?parent=3753"}],"wp:term":[{"taxonomy":"category","embeddable":true,"href":"https:\/\/sistemafaetsenar.org.br\/faet\/wp-json\/wp\/v2\/categories?post=3753"},{"taxonomy":"post_tag","embeddable":true,"href":"https:\/\/sistemafaetsenar.org.br\/faet\/wp-json\/wp\/v2\/tags?post=3753"}],"curies":[{"name":"wp","href":"https:\/\/api.w.org\/{rel}","templated":true}]}}