{"id":3750,"date":"2025-12-09T17:48:16","date_gmt":"2025-12-09T20:48:16","guid":{"rendered":"https:\/\/sistemafaetsenar.org.br\/faet\/?p=3750"},"modified":"2025-12-09T17:48:16","modified_gmt":"2025-12-09T20:48:16","slug":"faet-recebe-consultoria-da-semarh-para-contribuir-com-o-plano-estadual-de-prevencao-e-combate-aos-desmatamentos-e-incendios-florestais","status":"publish","type":"post","link":"https:\/\/sistemafaetsenar.org.br\/faet\/faet-recebe-consultoria-da-semarh-para-contribuir-com-o-plano-estadual-de-prevencao-e-combate-aos-desmatamentos-e-incendios-florestais\/","title":{"rendered":"FAET recebe consultoria da SEMARH para contribuir com o Plano Estadual de Preven\u00e7\u00e3o e Combate aos Desmatamentos e Inc\u00eandios Florestais"},"content":{"rendered":"<p>&nbsp;<\/p>\n<p>A Federa\u00e7\u00e3o da Agricultura e Pecu\u00e1ria do Estado do Tocantins (FAET) recebeu a equipe da Evergreen, empresa de consultoria contratada pela Secretaria de Estado do Meio Ambiente e Recursos H\u00eddricos (SEMARH), respons\u00e1vel pela elabora\u00e7\u00e3o do pr\u00f3ximo Plano de Preven\u00e7\u00e3o e Combate aos Desmatamentos e Inc\u00eandios Florestais do Estado do Tocantins (PPCDIF).<\/p>\n<p>&nbsp;<\/p>\n<p>O encontro teve como objetivo ouvir os setores estrat\u00e9gicos para que o novo plano reflita a realidade, as necessidades e os desafios enfrentados no campo, garantindo mais efici\u00eancia nas a\u00e7\u00f5es de preven\u00e7\u00e3o e combate.<\/p>\n<p>&nbsp;<\/p>\n<p>Durante a reuni\u00e3o, o assessor da FAET, Luiz Cl\u00e1udio Faria, apresentou a vis\u00e3o da Federa\u00e7\u00e3o e do setor produtivo, destacando a contribui\u00e7\u00e3o da FAET na constru\u00e7\u00e3o de planos anteriores, a participa\u00e7\u00e3o em discuss\u00f5es t\u00e9cnicas, notas t\u00e9cnicas, al\u00e9m do di\u00e1logo cont\u00ednuo com o Corpo de Bombeiros e a Secretaria de Meio Ambiente.<\/p>\n<p>&nbsp;<\/p>\n<p>\u201cApresentamos os principais gargalos e necessidades que o setor enfrenta no dia a dia. Nosso objetivo \u00e9 contribuir de forma eficiente para que os pr\u00f3ximos planos sejam ainda mais eficazes no Estado\u201d, destacou Luiz Cl\u00e1udio.<\/p>\n<p>&nbsp;<\/p>\n<p>Segundo Wendel Andrade, representante da Evergreen, a reuni\u00e3o foi extremamente produtiva. \u201cA conversa foi muito positiva e, a partir dos pr\u00f3ximos meses, vamos ampliar esse di\u00e1logo com outros segmentos. A ideia \u00e9 que o plano estadual reflita os anseios e as demandas reais de todos os setores envolvidos\u201d, afirmou.<\/p>\n","protected":false},"excerpt":{"rendered":"<p>&nbsp; A Federa\u00e7\u00e3o da Agricultura e Pecu\u00e1ria do Estado do Tocantins (FAET) recebeu a equipe da Evergreen, empresa de consultoria contratada pela Secretaria de Estado do Meio Ambiente e Recursos H\u00eddricos (SEMARH), respons\u00e1vel pela elabora\u00e7\u00e3o do pr\u00f3ximo Plano de Preven\u00e7\u00e3o e Combate aos Desmatamentos e Inc\u00eandios Florestais do Estado do Tocantins (PPCDIF). &nbsp; O encontro [&hellip;]<\/p>\n","protected":false},"author":3,"featured_media":3751,"comment_status":"open","ping_status":"open","sticky":false,"template":"","format":"standard","meta":{"kia_subtitle":"","footnotes":""},"categories":[26],"tags":[],"class_list":["post-3750","post","type-post","status-publish","format-standard","has-post-thumbnail","hentry","category-noticia-principal"],"_links":{"self":[{"href":"https:\/\/sistemafaetsenar.org.br\/faet\/wp-json\/wp\/v2\/posts\/3750"}],"collection":[{"href":"https:\/\/sistemafaetsenar.org.br\/faet\/wp-json\/wp\/v2\/posts"}],"about":[{"href":"https:\/\/sistemafaetsenar.org.br\/faet\/wp-json\/wp\/v2\/types\/post"}],"author":[{"embeddable":true,"href":"https:\/\/sistemafaetsenar.org.br\/faet\/wp-json\/wp\/v2\/users\/3"}],"replies":[{"embeddable":true,"href":"https:\/\/sistemafaetsenar.org.br\/faet\/wp-json\/wp\/v2\/comments?post=3750"}],"version-history":[{"count":0,"href":"https:\/\/sistemafaetsenar.org.br\/faet\/wp-json\/wp\/v2\/posts\/3750\/revisions"}],"wp:featuredmedia":[{"embeddable":true,"href":"https:\/\/sistemafaetsenar.org.br\/faet\/wp-json\/wp\/v2\/media\/3751"}],"wp:attachment":[{"href":"https:\/\/sistemafaetsenar.org.br\/faet\/wp-json\/wp\/v2\/media?parent=3750"}],"wp:term":[{"taxonomy":"category","embeddable":true,"href":"https:\/\/sistemafaetsenar.org.br\/faet\/wp-json\/wp\/v2\/categories?post=3750"},{"taxonomy":"post_tag","embeddable":true,"href":"https:\/\/sistemafaetsenar.org.br\/faet\/wp-json\/wp\/v2\/tags?post=3750"}],"curies":[{"name":"wp","href":"https:\/\/api.w.org\/{rel}","templated":true}]}}