{"id":3747,"date":"2025-12-09T16:20:18","date_gmt":"2025-12-09T19:20:18","guid":{"rendered":"https:\/\/sistemafaetsenar.org.br\/faet\/?p=3747"},"modified":"2025-12-09T16:20:18","modified_gmt":"2025-12-09T19:20:18","slug":"faet-participa-de-coletiva-nacional-da-cna","status":"publish","type":"post","link":"https:\/\/sistemafaetsenar.org.br\/faet\/faet-participa-de-coletiva-nacional-da-cna\/","title":{"rendered":"FAET participa de Coletiva nacional da CNA"},"content":{"rendered":"<p>O presidente do Sistema FAET\/Senar, Paulo Carneiro, marcou presen\u00e7a na coletiva de imprensa da CNA em Bras\u00edlia\/DF que tratou do balan\u00e7o do setor agropecu\u00e1rio em 2025 e as perspectivas para 2026. A apresenta\u00e7\u00e3o foi feita pelo presidente da Confedera\u00e7\u00e3o de Agricultura e Pec\u00e1ria do Brasil, Jo\u00e3o Martins, a diretora de Rela\u00e7\u00f5es Internacionais, Sueme Mori, e o diretor t\u00e9cnico, Bruno Lucchi.<\/p>\n<p>&nbsp;<\/p>\n<p>O levantamento da CNA aponta que o agro foi respons\u00e1vel pelos resultados positivos dos \u00edndices macroecon\u00f4micos do pa\u00eds, como a redu\u00e7\u00e3o da infla\u00e7\u00e3o, que deve fechar o ano em 4,4%, e o crescimento de 1% do PIB do Agroneg\u00f3cio em 2026, ap\u00f3s expans\u00e3o estimada de 9,6% (R$ 3,13 trilh\u00f5es) para 2025. A CNA aponta que 2026 ser\u00e1 um ano desafiador para a economia brasileira, com destaque para a necessidade de ajuste fiscal.<\/p>\n<p>&nbsp;<\/p>\n<p>Saiba mais: <a href=\"https:\/\/www.cnabrasil.org.br\/noticias\/agro-ajuda-indicadores-economicos-em-2025-mas-cenarios-de-incertezas-desafiam-produtores-em-2026\">https:\/\/www.cnabrasil.org.br\/noticias\/agro-ajuda-indicadores-economicos-em-2025-mas-cenarios-de-incertezas-desafiam-produtores-em-2026<\/a><\/p>\n","protected":false},"excerpt":{"rendered":"<p>O presidente do Sistema FAET\/Senar, Paulo Carneiro, marcou presen\u00e7a na coletiva de imprensa da CNA em Bras\u00edlia\/DF que tratou do balan\u00e7o do setor agropecu\u00e1rio em 2025 e as perspectivas para 2026. A apresenta\u00e7\u00e3o foi feita pelo presidente da Confedera\u00e7\u00e3o de Agricultura e Pec\u00e1ria do Brasil, Jo\u00e3o Martins, a diretora de Rela\u00e7\u00f5es Internacionais, Sueme Mori, e [&hellip;]<\/p>\n","protected":false},"author":3,"featured_media":3748,"comment_status":"open","ping_status":"open","sticky":false,"template":"","format":"standard","meta":{"kia_subtitle":"","footnotes":""},"categories":[26],"tags":[],"class_list":["post-3747","post","type-post","status-publish","format-standard","has-post-thumbnail","hentry","category-noticia-principal"],"_links":{"self":[{"href":"https:\/\/sistemafaetsenar.org.br\/faet\/wp-json\/wp\/v2\/posts\/3747"}],"collection":[{"href":"https:\/\/sistemafaetsenar.org.br\/faet\/wp-json\/wp\/v2\/posts"}],"about":[{"href":"https:\/\/sistemafaetsenar.org.br\/faet\/wp-json\/wp\/v2\/types\/post"}],"author":[{"embeddable":true,"href":"https:\/\/sistemafaetsenar.org.br\/faet\/wp-json\/wp\/v2\/users\/3"}],"replies":[{"embeddable":true,"href":"https:\/\/sistemafaetsenar.org.br\/faet\/wp-json\/wp\/v2\/comments?post=3747"}],"version-history":[{"count":0,"href":"https:\/\/sistemafaetsenar.org.br\/faet\/wp-json\/wp\/v2\/posts\/3747\/revisions"}],"wp:featuredmedia":[{"embeddable":true,"href":"https:\/\/sistemafaetsenar.org.br\/faet\/wp-json\/wp\/v2\/media\/3748"}],"wp:attachment":[{"href":"https:\/\/sistemafaetsenar.org.br\/faet\/wp-json\/wp\/v2\/media?parent=3747"}],"wp:term":[{"taxonomy":"category","embeddable":true,"href":"https:\/\/sistemafaetsenar.org.br\/faet\/wp-json\/wp\/v2\/categories?post=3747"},{"taxonomy":"post_tag","embeddable":true,"href":"https:\/\/sistemafaetsenar.org.br\/faet\/wp-json\/wp\/v2\/tags?post=3747"}],"curies":[{"name":"wp","href":"https:\/\/api.w.org\/{rel}","templated":true}]}}