{"id":3743,"date":"2025-12-08T11:52:15","date_gmt":"2025-12-08T14:52:15","guid":{"rendered":"https:\/\/sistemafaetsenar.org.br\/faet\/?p=3743"},"modified":"2025-12-08T11:52:15","modified_gmt":"2025-12-08T14:52:15","slug":"fitec-reforca-conexao-entre-inovacao-ciencia-e-producao-no-tocantins","status":"publish","type":"post","link":"https:\/\/sistemafaetsenar.org.br\/faet\/fitec-reforca-conexao-entre-inovacao-ciencia-e-producao-no-tocantins\/","title":{"rendered":"FITEC refor\u00e7a conex\u00e3o entre inova\u00e7\u00e3o, ci\u00eancia e produ\u00e7\u00e3o no Tocantins"},"content":{"rendered":"<p>A FITEC \u2013 Feira de Ci\u00eancia e Tecnologia foi realizada no campus do Instituto Federal do Tocantins (IFTO), em Dian\u00f3polis, e reuniu produtores, estudantes, t\u00e9cnicos e pesquisadores em torno do tema \u201cDo campo ao mercado: tecnologias que transformam a produ\u00e7\u00e3o agropecu\u00e1ria\u201d. A feira aconteceu durante os dias 8 a 10 de outubro.<\/p>\n<p>&nbsp;<\/p>\n<p>Com foco em inova\u00e7\u00e3o tecnol\u00f3gica, a feira promoveu tr\u00eas dias de intensa troca de conhecimento, unindo teoria, pr\u00e1tica, informa\u00e7\u00e3o e solu\u00e7\u00f5es que conectam o produtor rural ao futuro da produ\u00e7\u00e3o agropecu\u00e1ria.<\/p>\n<p>&nbsp;<\/p>\n<p>A programa\u00e7\u00e3o contou com palestras como \u201cPotencialidades e caminhos para o futuro sustent\u00e1vel\u201d e \u201cVariedades de copa e porta-enxerto de citros desenvolvidas pela Embrapa com foco na regi\u00e3o Norte do Brasil\u201d, al\u00e9m de minicursos e unidades de demonstra\u00e7\u00e3o. Entre os temas abordados estiveram palpa\u00e7\u00e3o retal e ultrassonografia em bovinos, agricultura de precis\u00e3o, cultivo do sorgo no sudeste do Tocantins, manejo de pastagens no cerrado, abacaxiteiros e aves de postura.<\/p>\n<p>&nbsp;<\/p>\n<p>Durante os tr\u00eas dias de evento, o laborat\u00f3rio experimental do IFTO foi ocupado por tecnologias voltadas ao manejo das monoculturas cultivadas na institui\u00e7\u00e3o. Os participantes vivenciaram momentos de aprendizado pr\u00e1tico, troca de experi\u00eancias e aproxima\u00e7\u00e3o com a realidade do campo, desde o cultivo at\u00e9 a colheita.<\/p>\n<p>&nbsp;<\/p>\n<p>A realiza\u00e7\u00e3o da FITEC contou com a parceria entre o IFTO e o Sistema FAET\/SENAR, com o apoio do Minist\u00e9rio da Agricultura e Pecu\u00e1ria (MAPA) e do Governo Federal, por meio do Termo de Fomento n\u00ba 956148\/2024, fortalecendo o compromisso com o desenvolvimento do agro tocantinense.<\/p>\n<p>&nbsp;<\/p>\n<p>O Sistema FAET\/SENAR segue priorizando a qualifica\u00e7\u00e3o de produtores e trabalhadores rurais do Tocantins, investindo em iniciativas que promovem inova\u00e7\u00e3o, sustentabilidade e fortalecimento do setor agropecu\u00e1rio.<\/p>\n","protected":false},"excerpt":{"rendered":"<p>A FITEC \u2013 Feira de Ci\u00eancia e Tecnologia foi realizada no campus do Instituto Federal do Tocantins (IFTO), em Dian\u00f3polis, e reuniu produtores, estudantes, t\u00e9cnicos e pesquisadores em torno do tema \u201cDo campo ao mercado: tecnologias que transformam a produ\u00e7\u00e3o agropecu\u00e1ria\u201d. A feira aconteceu durante os dias 8 a 10 de outubro. &nbsp; Com foco [&hellip;]<\/p>\n","protected":false},"author":3,"featured_media":3744,"comment_status":"open","ping_status":"open","sticky":false,"template":"","format":"standard","meta":{"kia_subtitle":"","footnotes":""},"categories":[1],"tags":[],"class_list":["post-3743","post","type-post","status-publish","format-standard","has-post-thumbnail","hentry","category-blog"],"_links":{"self":[{"href":"https:\/\/sistemafaetsenar.org.br\/faet\/wp-json\/wp\/v2\/posts\/3743"}],"collection":[{"href":"https:\/\/sistemafaetsenar.org.br\/faet\/wp-json\/wp\/v2\/posts"}],"about":[{"href":"https:\/\/sistemafaetsenar.org.br\/faet\/wp-json\/wp\/v2\/types\/post"}],"author":[{"embeddable":true,"href":"https:\/\/sistemafaetsenar.org.br\/faet\/wp-json\/wp\/v2\/users\/3"}],"replies":[{"embeddable":true,"href":"https:\/\/sistemafaetsenar.org.br\/faet\/wp-json\/wp\/v2\/comments?post=3743"}],"version-history":[{"count":0,"href":"https:\/\/sistemafaetsenar.org.br\/faet\/wp-json\/wp\/v2\/posts\/3743\/revisions"}],"wp:featuredmedia":[{"embeddable":true,"href":"https:\/\/sistemafaetsenar.org.br\/faet\/wp-json\/wp\/v2\/media\/3744"}],"wp:attachment":[{"href":"https:\/\/sistemafaetsenar.org.br\/faet\/wp-json\/wp\/v2\/media?parent=3743"}],"wp:term":[{"taxonomy":"category","embeddable":true,"href":"https:\/\/sistemafaetsenar.org.br\/faet\/wp-json\/wp\/v2\/categories?post=3743"},{"taxonomy":"post_tag","embeddable":true,"href":"https:\/\/sistemafaetsenar.org.br\/faet\/wp-json\/wp\/v2\/tags?post=3743"}],"curies":[{"name":"wp","href":"https:\/\/api.w.org\/{rel}","templated":true}]}}