{"id":3738,"date":"2025-12-04T15:27:52","date_gmt":"2025-12-04T18:27:52","guid":{"rendered":"https:\/\/sistemafaetsenar.org.br\/faet\/?p=3738"},"modified":"2025-12-04T15:27:52","modified_gmt":"2025-12-04T18:27:52","slug":"faet-discute-parceria-com-fapt-para-fortalecer-cadeia-do-leite-no-tocantins","status":"publish","type":"post","link":"https:\/\/sistemafaetsenar.org.br\/faet\/faet-discute-parceria-com-fapt-para-fortalecer-cadeia-do-leite-no-tocantins\/","title":{"rendered":"FAET discute parceria com Fapt para fortalecer cadeia do leite no Tocantins"},"content":{"rendered":"<p>Representantes do Sistema FAET\/Senar participaram de reuni\u00e3o institucional na Funda\u00e7\u00e3o de Amparo \u00e0 Pesquisa do Tocantins para alinhar uma poss\u00edvel parceria voltada ao incentivo de pesquisas que contribuam para o fortalecimento da cadeia leiteira no Estado.<\/p>\n<p>&nbsp;<\/p>\n<p>O encontro foi conduzido pelo presidente da Fapt, \u00c9lvio Quirino, e contou com a presen\u00e7a do presidente da C\u00e2mara Setorial do Leite e assessor de rela\u00e7\u00f5es institucionais da FAET, Luiz Cl\u00e1udio Faria, e da analista t\u00e9cnica da FAET e membro da C\u00e2mara, La\u00eds Giuliani Felipetto.<\/p>\n<p>&nbsp;<\/p>\n<p>A agenda deu sequ\u00eancia \u00e0s discuss\u00f5es iniciadas na C\u00e2mara Setorial, com foco na constru\u00e7\u00e3o de a\u00e7\u00f5es que ampliem a competitividade e a sustentabilidade da produ\u00e7\u00e3o de leite no Tocantins, por meio do apoio institucional \u00e0 pesquisa aplicada.<\/p>\n<p>&nbsp;<\/p>\n<p>A iniciativa visa, por meio da integra\u00e7\u00e3o com os setores p\u00fablico e produtivo, contribuir diretamente para o fortalecimento da cadeia produtiva no Estado.<\/p>\n<p>&nbsp;<\/p>\n<p><img fetchpriority=\"high\" decoding=\"async\" class=\"aligncenter wp-image-3740 size-large\" src=\"https:\/\/sistemafaetsenar.org.br\/faet\/wp-content\/uploads\/2025\/12\/WhatsApp-Image-2025-12-04-at-14.45.41-1-1024x768.jpeg\" alt=\"\" width=\"780\" height=\"585\" srcset=\"https:\/\/sistemafaetsenar.org.br\/faet\/wp-content\/uploads\/2025\/12\/WhatsApp-Image-2025-12-04-at-14.45.41-1-1024x768.jpeg 1024w, https:\/\/sistemafaetsenar.org.br\/faet\/wp-content\/uploads\/2025\/12\/WhatsApp-Image-2025-12-04-at-14.45.41-1-300x225.jpeg 300w, https:\/\/sistemafaetsenar.org.br\/faet\/wp-content\/uploads\/2025\/12\/WhatsApp-Image-2025-12-04-at-14.45.41-1.jpeg 1600w\" sizes=\"(max-width: 780px) 100vw, 780px\" \/><\/p>\n","protected":false},"excerpt":{"rendered":"<p>Representantes do Sistema FAET\/Senar participaram de reuni\u00e3o institucional na Funda\u00e7\u00e3o de Amparo \u00e0 Pesquisa do Tocantins para alinhar uma poss\u00edvel parceria voltada ao incentivo de pesquisas que contribuam para o fortalecimento da cadeia leiteira no Estado. &nbsp; O encontro foi conduzido pelo presidente da Fapt, \u00c9lvio Quirino, e contou com a presen\u00e7a do presidente da [&hellip;]<\/p>\n","protected":false},"author":7,"featured_media":3739,"comment_status":"open","ping_status":"open","sticky":false,"template":"","format":"standard","meta":{"kia_subtitle":"","footnotes":""},"categories":[12,15,26],"tags":[33,157,158,160,159],"class_list":["post-3738","post","type-post","status-publish","format-standard","has-post-thumbnail","hentry","category-agrononegocio","category-faet","category-noticia-principal","tag-faet","tag-fapt","tag-fundacao-de-amparo-a-pesquisa-do-tocantins","tag-lais-giuliani-felipetto","tag-luiz-claudio-faria"],"_links":{"self":[{"href":"https:\/\/sistemafaetsenar.org.br\/faet\/wp-json\/wp\/v2\/posts\/3738"}],"collection":[{"href":"https:\/\/sistemafaetsenar.org.br\/faet\/wp-json\/wp\/v2\/posts"}],"about":[{"href":"https:\/\/sistemafaetsenar.org.br\/faet\/wp-json\/wp\/v2\/types\/post"}],"author":[{"embeddable":true,"href":"https:\/\/sistemafaetsenar.org.br\/faet\/wp-json\/wp\/v2\/users\/7"}],"replies":[{"embeddable":true,"href":"https:\/\/sistemafaetsenar.org.br\/faet\/wp-json\/wp\/v2\/comments?post=3738"}],"version-history":[{"count":0,"href":"https:\/\/sistemafaetsenar.org.br\/faet\/wp-json\/wp\/v2\/posts\/3738\/revisions"}],"wp:featuredmedia":[{"embeddable":true,"href":"https:\/\/sistemafaetsenar.org.br\/faet\/wp-json\/wp\/v2\/media\/3739"}],"wp:attachment":[{"href":"https:\/\/sistemafaetsenar.org.br\/faet\/wp-json\/wp\/v2\/media?parent=3738"}],"wp:term":[{"taxonomy":"category","embeddable":true,"href":"https:\/\/sistemafaetsenar.org.br\/faet\/wp-json\/wp\/v2\/categories?post=3738"},{"taxonomy":"post_tag","embeddable":true,"href":"https:\/\/sistemafaetsenar.org.br\/faet\/wp-json\/wp\/v2\/tags?post=3738"}],"curies":[{"name":"wp","href":"https:\/\/api.w.org\/{rel}","templated":true}]}}