{"id":3735,"date":"2025-11-18T15:09:33","date_gmt":"2025-11-18T18:09:33","guid":{"rendered":"https:\/\/sistemafaetsenar.org.br\/faet\/?p=3735"},"modified":"2025-11-18T15:09:33","modified_gmt":"2025-11-18T18:09:33","slug":"sistema-faet-senar-realizada-edicao-do-agroforte-em-xambioa","status":"publish","type":"post","link":"https:\/\/sistemafaetsenar.org.br\/faet\/sistema-faet-senar-realizada-edicao-do-agroforte-em-xambioa\/","title":{"rendered":"Sistema FAET\/Senar realizada edi\u00e7\u00e3o do AgroForte em xambio\u00e1"},"content":{"rendered":"<p>O munic\u00edpio de Xambio\u00e1 foi sede do AgroForte, evento promovido pelo Sistema FAET\/Senar e Sindicatos Rurais, com apoio do Minist\u00e9rio da Agricultura e Pecu\u00e1ria (MAPA) e Governo Federal. A iniciativa tamb\u00e9m contou com a parceria do Sebrae e do Governo do Tocantins, por meio da Secretaria de Ind\u00fastria, Com\u00e9rcio e Servi\u00e7os.<\/p>\n<p>&nbsp;<\/p>\n<p>O AgroForte teve como objetivo promover o desenvolvimento sustent\u00e1vel do agroneg\u00f3cio, oferecendo conhecimento e inova\u00e7\u00e3o para os produtores rurais. A programa\u00e7\u00e3o abordou temas relevantes para a regi\u00e3o, como Recupera\u00e7\u00e3o de \u00c1reas Degradadas e Suplementa\u00e7\u00e3o de Animais no Per\u00edodo da Seca.<\/p>\n<p>&nbsp;<\/p>\n<p>A programa\u00e7\u00e3o iniciou com a palestra do Engenheiro Agr\u00f4nomo L\u00e9o Batista, que destacou a import\u00e2ncia da recupera\u00e7\u00e3o de \u00e1reas degradadas para melhorar a produtividade e a qualidade da produ\u00e7\u00e3o animal. Em seguida, o tema &#8220;Suplementa\u00e7\u00e3o dos animais no per\u00edodo da seca&#8221; foi apresentado, mostrando estrat\u00e9gias de suplementa\u00e7\u00e3o e orienta\u00e7\u00f5es sobre silagem de capim, sorgo e suplementa\u00e7\u00f5es minerais.<\/p>\n<p>&nbsp;<\/p>\n<p>No \u00faltimo dia de programa\u00e7\u00e3o, o evento foi voltado para as mulheres, com a palestra &#8220;Empreendedorismo Rural&#8221;, ministrada por Omar Hennemann. A palestra despertou nos participantes os seus talentos e habilidades empreendedoras, gerando grande satisfa\u00e7\u00e3o entre os presentes.<\/p>\n<p><strong>\u00a0<\/strong><\/p>\n<p>&#8220;Hoje sem d\u00favida eu saio daqui renovada e cheia de novas ideias que levarei n\u00e3o s\u00f3 para meu trabalho, mas tamb\u00e9m saio daqui com o meu psicol\u00f3gico renovado, o mundo feminino precisa sempre desse \u00e2nimo, dessa inje\u00e7\u00e3o de incentivos.&#8221; &#8211; Ana Lucia Fernandes, produtora e vereadora de Xambio\u00e1.<\/p>\n","protected":false},"excerpt":{"rendered":"<p>O munic\u00edpio de Xambio\u00e1 foi sede do AgroForte, evento promovido pelo Sistema FAET\/Senar e Sindicatos Rurais, com apoio do Minist\u00e9rio da Agricultura e Pecu\u00e1ria (MAPA) e Governo Federal. A iniciativa tamb\u00e9m contou com a parceria do Sebrae e do Governo do Tocantins, por meio da Secretaria de Ind\u00fastria, Com\u00e9rcio e Servi\u00e7os. &nbsp; O AgroForte teve [&hellip;]<\/p>\n","protected":false},"author":3,"featured_media":3736,"comment_status":"open","ping_status":"open","sticky":false,"template":"","format":"standard","meta":{"kia_subtitle":"","footnotes":""},"categories":[26],"tags":[],"class_list":["post-3735","post","type-post","status-publish","format-standard","has-post-thumbnail","hentry","category-noticia-principal"],"_links":{"self":[{"href":"https:\/\/sistemafaetsenar.org.br\/faet\/wp-json\/wp\/v2\/posts\/3735"}],"collection":[{"href":"https:\/\/sistemafaetsenar.org.br\/faet\/wp-json\/wp\/v2\/posts"}],"about":[{"href":"https:\/\/sistemafaetsenar.org.br\/faet\/wp-json\/wp\/v2\/types\/post"}],"author":[{"embeddable":true,"href":"https:\/\/sistemafaetsenar.org.br\/faet\/wp-json\/wp\/v2\/users\/3"}],"replies":[{"embeddable":true,"href":"https:\/\/sistemafaetsenar.org.br\/faet\/wp-json\/wp\/v2\/comments?post=3735"}],"version-history":[{"count":0,"href":"https:\/\/sistemafaetsenar.org.br\/faet\/wp-json\/wp\/v2\/posts\/3735\/revisions"}],"wp:featuredmedia":[{"embeddable":true,"href":"https:\/\/sistemafaetsenar.org.br\/faet\/wp-json\/wp\/v2\/media\/3736"}],"wp:attachment":[{"href":"https:\/\/sistemafaetsenar.org.br\/faet\/wp-json\/wp\/v2\/media?parent=3735"}],"wp:term":[{"taxonomy":"category","embeddable":true,"href":"https:\/\/sistemafaetsenar.org.br\/faet\/wp-json\/wp\/v2\/categories?post=3735"},{"taxonomy":"post_tag","embeddable":true,"href":"https:\/\/sistemafaetsenar.org.br\/faet\/wp-json\/wp\/v2\/tags?post=3735"}],"curies":[{"name":"wp","href":"https:\/\/api.w.org\/{rel}","templated":true}]}}