{"id":3718,"date":"2025-11-05T13:35:45","date_gmt":"2025-11-05T16:35:45","guid":{"rendered":"https:\/\/sistemafaetsenar.org.br\/faet\/?p=3718"},"modified":"2025-11-05T14:06:30","modified_gmt":"2025-11-05T17:06:30","slug":"xambioa-se-prepara-para-a-16a-expo-agropecuaria-com-semana-de-rodeios-shows-e-cultura-local","status":"publish","type":"post","link":"https:\/\/sistemafaetsenar.org.br\/faet\/xambioa-se-prepara-para-a-16a-expo-agropecuaria-com-semana-de-rodeios-shows-e-cultura-local\/","title":{"rendered":"Xambio\u00e1 se prepara para a 16\u00aa Expo Agropecu\u00e1ria"},"content":{"rendered":"<p><span style=\"font-weight: 400;\">O munic\u00edpio de Xambio\u00e1 se prepara para receber a 16\u00aa Exposi\u00e7\u00e3o Agropecu\u00e1ria, que ser\u00e1 realizada entre os dias 9 e 16 de novembro de 2025, no Parque de Exposi\u00e7\u00f5es da cidade. A programa\u00e7\u00e3o conta com rodeios, shows musicais, celebra\u00e7\u00f5es religiosas e a tradicional cavalgada, atraindo produtores, comerciantes e fam\u00edlias de toda a regi\u00e3o norte do Tocantins.<\/span><\/p>\n<p>&nbsp;<\/p>\n<p><span style=\"font-weight: 400;\">A festa come\u00e7a no domingo, 9 de novembro, reunindo cavalgada e shows de Washington Brasileiro, Zezinho Aboiador, Sandro e Santiago, Jos\u00e9 Rico Vaqueiro e Gleydson Swing\u00e3o. Durante a semana, a Expoagro tamb\u00e9m ser\u00e1 espa\u00e7o de celebra\u00e7\u00e3o religiosa. Na ter\u00e7a-feira, 11, acontece a Noite Evang\u00e9lica, e Encontro Cat\u00f3lico, com missa especial.\u00a0<\/span><\/p>\n<p>&nbsp;<\/p>\n<p><span style=\"font-weight: 400;\">Na quarta-feira, 12, haver\u00e1 um tributo a Jos\u00e9 Andr\u00e9 Nunes, conhecido como \u201cZ\u00e9 Pretinho. A abertura do rodeio ser\u00e1 na quinta, com shows de Amado Batista e Isadora Pompeu. J\u00e1 a sexta-feira, 14, ser\u00e1 marcada pela comemora\u00e7\u00e3o do anivers\u00e1rio de Xambio\u00e1 e apresenta\u00e7\u00f5es de Deavele Santos e Thiago Costa. S\u00e1bado, 15, ter\u00e1 mais uma rodada de rodeio, encerrado com Eduardo Costa e Matheus Barra.\u201c Estamos tratando tudo com muito carinho, tanto pela data, que coincide com o anivers\u00e1rio da cidade, quanto pela import\u00e2ncia que a Expoagro tem para os produtores e para a popula\u00e7\u00e3o\u201d, destacou Maranh\u00e3o.<\/span><\/p>\n<p>&nbsp;<\/p>\n<p><span style=\"font-weight: 400;\">Al\u00e9m do entretenimento, a feira tamb\u00e9m trar\u00e1 a\u00e7\u00f5es voltadas ao fortalecimento do agroneg\u00f3cio e \u00e0 capacita\u00e7\u00e3o dos produtores. \u201cTeremos cursos, palestras e a Feira da Colheita em parceria com o Ruraltins e a Prefeitura Municipal. Nosso objetivo \u00e9 levar conhecimento e oportunidades para os produtores locais\u201d, ressaltou o presidente do sindicato, Luiz Maranh\u00e3o.<\/span><\/p>\n<p>&nbsp;<\/p>\n<p><span style=\"font-weight: 400;\">A Feira da Colheita, que ocorrer\u00e1 de 12 a 14 de novembro, \u00e9 voltada para valorizar e fortalecer a agricultura familiar e os pequenos produtores rurais do munic\u00edpio. Durante a feira, ser\u00e3o expostos e comercializados produtos locais, como frutas, hortali\u00e7as, doces, artesanatos e outros itens produzidos no campo xambioaense.<\/span><\/p>\n<p>&nbsp;<\/p>\n<p><span style=\"font-weight: 400;\">O evento contar\u00e1 com palestras educativas voltadas a estudantes da rede municipal, associa\u00e7\u00f5es de barqueiros, pescadores e assentamentos rurais, al\u00e9m da presen\u00e7a de institui\u00e7\u00f5es financeiras, como Banco da Amaz\u00f4nia, Banco do Brasil e Caixa Econ\u00f4mica Federal, que oferecer\u00e3o orienta\u00e7\u00f5es sobre cr\u00e9dito rural e incentivo \u00e0 produ\u00e7\u00e3o.<\/span><\/p>\n<p>&nbsp;<\/p>\n<p><span style=\"font-weight: 400;\">Encerrando no domingo, 16 de novembro, o evento premiar\u00e1 os campe\u00f5es do rodeio, celebrando os talentos. A expectativa da organiza\u00e7\u00e3o \u00e9 reunir entre 30 e 40 mil pessoas durante os dias de festa. \u201cCom a mobiliza\u00e7\u00e3o nas cidades vizinhas e a poss\u00edvel libera\u00e7\u00e3o da ponte que liga Xambio\u00e1 a S\u00e3o Geraldo, acreditamos que teremos um p\u00fablico ainda maior neste ano\u201d, afirmou Maranh\u00e3o.<\/span><\/p>\n<p>&nbsp;<\/p>\n<p><span style=\"font-weight: 400;\">A <\/span><b>\u00a0<\/b><span style=\"font-weight: 400;\">ExpoXam 2025 \u00e9 uma parceria entre o Sindicato Rural de Xambio\u00e1 e o Sistema FAET\/Senar\/Sindicatos, com apoio da Secretaria Estadual da Ind\u00fastria, Com\u00e9rcio e Servi\u00e7os, Secretaria Estadual do Turismo, Conselho de Desenvolvimento Econ\u00f4mico (CDE), Programa de Impulsionamento da Ind\u00fastria, Com\u00e9rcio e Servi\u00e7os (PICS), Prefeitura de Xambio\u00e1 e Governo do Tocantins.<\/span><\/p>\n<p>&nbsp;<\/p>\n","protected":false},"excerpt":{"rendered":"<p>O munic\u00edpio de Xambio\u00e1 se prepara para receber a 16\u00aa Exposi\u00e7\u00e3o Agropecu\u00e1ria, que ser\u00e1 realizada entre os dias 9 e 16 de novembro de 2025, no Parque de Exposi\u00e7\u00f5es da cidade. A programa\u00e7\u00e3o conta com rodeios, shows musicais, celebra\u00e7\u00f5es religiosas e a tradicional cavalgada, atraindo produtores, comerciantes e fam\u00edlias de toda a regi\u00e3o norte do [&hellip;]<\/p>\n","protected":false},"author":7,"featured_media":3721,"comment_status":"open","ping_status":"open","sticky":false,"template":"","format":"standard","meta":{"kia_subtitle":"","footnotes":""},"categories":[16,26],"tags":[122,154,155,156],"class_list":["post-3718","post","type-post","status-publish","format-standard","has-post-thumbnail","hentry","category-feiras-e-eventos","category-noticia-principal","tag-expoagro","tag-expoxam","tag-expoxambioa","tag-sindicatoruraldexambioa"],"_links":{"self":[{"href":"https:\/\/sistemafaetsenar.org.br\/faet\/wp-json\/wp\/v2\/posts\/3718"}],"collection":[{"href":"https:\/\/sistemafaetsenar.org.br\/faet\/wp-json\/wp\/v2\/posts"}],"about":[{"href":"https:\/\/sistemafaetsenar.org.br\/faet\/wp-json\/wp\/v2\/types\/post"}],"author":[{"embeddable":true,"href":"https:\/\/sistemafaetsenar.org.br\/faet\/wp-json\/wp\/v2\/users\/7"}],"replies":[{"embeddable":true,"href":"https:\/\/sistemafaetsenar.org.br\/faet\/wp-json\/wp\/v2\/comments?post=3718"}],"version-history":[{"count":0,"href":"https:\/\/sistemafaetsenar.org.br\/faet\/wp-json\/wp\/v2\/posts\/3718\/revisions"}],"wp:featuredmedia":[{"embeddable":true,"href":"https:\/\/sistemafaetsenar.org.br\/faet\/wp-json\/wp\/v2\/media\/3721"}],"wp:attachment":[{"href":"https:\/\/sistemafaetsenar.org.br\/faet\/wp-json\/wp\/v2\/media?parent=3718"}],"wp:term":[{"taxonomy":"category","embeddable":true,"href":"https:\/\/sistemafaetsenar.org.br\/faet\/wp-json\/wp\/v2\/categories?post=3718"},{"taxonomy":"post_tag","embeddable":true,"href":"https:\/\/sistemafaetsenar.org.br\/faet\/wp-json\/wp\/v2\/tags?post=3718"}],"curies":[{"name":"wp","href":"https:\/\/api.w.org\/{rel}","templated":true}]}}