{"id":3715,"date":"2025-11-04T18:23:09","date_gmt":"2025-11-04T21:23:09","guid":{"rendered":"https:\/\/sistemafaetsenar.org.br\/faet\/?p=3715"},"modified":"2025-11-05T14:06:51","modified_gmt":"2025-11-05T17:06:51","slug":"expoagro-abreulandia-2025-movimentara-o-vale-do-araguaia-entre-5-e-8-de-novembro","status":"publish","type":"post","link":"https:\/\/sistemafaetsenar.org.br\/faet\/expoagro-abreulandia-2025-movimentara-o-vale-do-araguaia-entre-5-e-8-de-novembro\/","title":{"rendered":"ExpoAgro Abreul\u00e2ndia 2025 movimentar\u00e1 o Vale do Araguaia entre 5 e 8 de novembro"},"content":{"rendered":"<p><span style=\"font-weight: 400;\">A 17\u00aa edi\u00e7\u00e3o da ExpoAgro Abreul\u00e2ndia ser\u00e1 realizada entre os dias 5 e 8 de novembro de 2025, no Parque de Exposi\u00e7\u00f5es Agropecu\u00e1rio de Abreul\u00e2ndia, no Vale do Araguaia. O evento deve reunir produtores rurais, empreendedores e visitantes de toda a regi\u00e3o, com uma programa\u00e7\u00e3o que inclui rodadas de neg\u00f3cios, palestras t\u00e9cnicas, atividades culturais e shows.<\/span><\/p>\n<p>&nbsp;<\/p>\n<p><span style=\"font-weight: 400;\">De acordo com o presidente do Sindicato Rural de Abreul\u00e2ndia, Edilson Gabino, a expectativa para esta edi\u00e7\u00e3o \u00e9 positiva, mesmo diante das dificuldades enfrentadas pelo setor.\u201cApesar dos desafios, estamos superando tudo com o apoio da nossa rede de parceiros, que faz com que a exposi\u00e7\u00e3o aconte\u00e7a e traga crescimento para o munic\u00edpio\u201d, destacou.<\/span><\/p>\n<p>&nbsp;<\/p>\n<p><span style=\"font-weight: 400;\">Ele ressalta que a programa\u00e7\u00e3o t\u00e9cnica contar\u00e1 com rodadas de neg\u00f3cios, palestras e capacita\u00e7\u00f5es voltadas aos pequenos produtores, com destaque para o programa Leite Mais, que incentiva o aumento da produ\u00e7\u00e3o de leite no munic\u00edpio. O Senar Tocantins participar\u00e1 com palestras do t\u00e9cnico Omar Hennemann e com o projeto Sementes do Futuro.<\/span><\/p>\n<p>&nbsp;<\/p>\n<p><span style=\"font-weight: 400;\">Tamb\u00e9m est\u00e1 confirmada a presen\u00e7a de institui\u00e7\u00f5es financeiras, como a Caixa Econ\u00f4mica Federal, que oferecer\u00e1 linhas de cr\u00e9dito voltadas \u00e0 agricultura familiar, incluindo o PRONAF B.<\/span><\/p>\n<p>&nbsp;<\/p>\n<p><span style=\"font-weight: 400;\">Al\u00e9m das a\u00e7\u00f5es voltadas ao campo, a ExpoAgro tamb\u00e9m contar\u00e1 com missa sertaneja, rodeios, apresenta\u00e7\u00f5es culturais e shows regionais. No primeiro dia, o p\u00fablico poder\u00e1 acompanhar missa sertaneja, baile country e show de Lucas Vaqueiro.<\/span><span style=\"font-weight: 400;\"><br \/>\n<\/span><span style=\"font-weight: 400;\">\u00a0<\/span><\/p>\n<p><span style=\"font-weight: 400;\">No dia 6, acontece a primeira noite de rodeio, com apresenta\u00e7\u00f5es de R\u00f4mulo e Rafael, Chicote de Luxo e Alessandro Nunes.<\/span><\/p>\n<p><span style=\"font-weight: 400;\"><br \/>\n<\/span><span style=\"font-weight: 400;\"> A segunda noite de rodeio, em 7 de novembro, traz Kaio Fonseca e Jeffinho, e o encerramento, no dia 8, ser\u00e1 marcado por shows de Leozinho, Ericson Raione, Gl\u00e1ucia Sousa e Romes Veloso, al\u00e9m de uma cavalgada \u00e0s 16h.<\/span><\/p>\n<p>&nbsp;<\/p>\n<p><span style=\"font-weight: 400;\">Realizada pelo Sindicato Rural de Abreul\u00e2ndia, a ExpoAgro Abreul\u00e2ndia 2025 conta com o apoio do Sistema FAET\/Senar\/Sindicatos, da Secretaria Estadual do Turismo, do Conselho de Desenvolvimento Econ\u00f4mico do Estado (CDE), da Prefeitura de Abreul\u00e2ndia e do Governo do Tocantins.<\/span><\/p>\n","protected":false},"excerpt":{"rendered":"<p>A 17\u00aa edi\u00e7\u00e3o da ExpoAgro Abreul\u00e2ndia ser\u00e1 realizada entre os dias 5 e 8 de novembro de 2025, no Parque de Exposi\u00e7\u00f5es Agropecu\u00e1rio de Abreul\u00e2ndia, no Vale do Araguaia. O evento deve reunir produtores rurais, empreendedores e visitantes de toda a regi\u00e3o, com uma programa\u00e7\u00e3o que inclui rodadas de neg\u00f3cios, palestras t\u00e9cnicas, atividades culturais e [&hellip;]<\/p>\n","protected":false},"author":7,"featured_media":3716,"comment_status":"open","ping_status":"open","sticky":false,"template":"","format":"standard","meta":{"kia_subtitle":"","footnotes":""},"categories":[16,26],"tags":[153,122],"class_list":["post-3715","post","type-post","status-publish","format-standard","has-post-thumbnail","hentry","category-feiras-e-eventos","category-noticia-principal","tag-expoabreulandia","tag-expoagro"],"_links":{"self":[{"href":"https:\/\/sistemafaetsenar.org.br\/faet\/wp-json\/wp\/v2\/posts\/3715"}],"collection":[{"href":"https:\/\/sistemafaetsenar.org.br\/faet\/wp-json\/wp\/v2\/posts"}],"about":[{"href":"https:\/\/sistemafaetsenar.org.br\/faet\/wp-json\/wp\/v2\/types\/post"}],"author":[{"embeddable":true,"href":"https:\/\/sistemafaetsenar.org.br\/faet\/wp-json\/wp\/v2\/users\/7"}],"replies":[{"embeddable":true,"href":"https:\/\/sistemafaetsenar.org.br\/faet\/wp-json\/wp\/v2\/comments?post=3715"}],"version-history":[{"count":0,"href":"https:\/\/sistemafaetsenar.org.br\/faet\/wp-json\/wp\/v2\/posts\/3715\/revisions"}],"wp:featuredmedia":[{"embeddable":true,"href":"https:\/\/sistemafaetsenar.org.br\/faet\/wp-json\/wp\/v2\/media\/3716"}],"wp:attachment":[{"href":"https:\/\/sistemafaetsenar.org.br\/faet\/wp-json\/wp\/v2\/media?parent=3715"}],"wp:term":[{"taxonomy":"category","embeddable":true,"href":"https:\/\/sistemafaetsenar.org.br\/faet\/wp-json\/wp\/v2\/categories?post=3715"},{"taxonomy":"post_tag","embeddable":true,"href":"https:\/\/sistemafaetsenar.org.br\/faet\/wp-json\/wp\/v2\/tags?post=3715"}],"curies":[{"name":"wp","href":"https:\/\/api.w.org\/{rel}","templated":true}]}}