{"id":3701,"date":"2025-10-29T14:14:03","date_gmt":"2025-10-29T17:14:03","guid":{"rendered":"https:\/\/sistemafaetsenar.org.br\/faet\/?p=3701"},"modified":"2025-10-29T14:21:13","modified_gmt":"2025-10-29T17:21:13","slug":"programa-saude-no-campo-e-lancado-na-regiao-sul-do-tocantins","status":"publish","type":"post","link":"https:\/\/sistemafaetsenar.org.br\/faet\/programa-saude-no-campo-e-lancado-na-regiao-sul-do-tocantins\/","title":{"rendered":"Programa Sa\u00fade no Campo \u00e9 lan\u00e7ado na regi\u00e3o sul do Tocantins"},"content":{"rendered":"<p>O Programa Sa\u00fade no Campo, uma iniciativa do Sistema CNA\/Senar com o Sistema FAET\/Senar\/IFAET\/Sindicatos Rurais, chega agora \u00e0 regi\u00e3o sul do Tocantins.<\/p>\n<p>&nbsp;<\/p>\n<p>O evento de lan\u00e7amento foi realizado na Fazenda Gl\u00f3ria, em Gurupi, propriedade do produtor Deusdeth Alves Gl\u00f3ria, que \u00e9 assistido pela Assist\u00eancia T\u00e9cnica e Gerencial (ATeG) do Senar, uma das exig\u00eancias do programa.<\/p>\n<p>&nbsp;<\/p>\n<p>A iniciativa leva atendimento preventivo, educa\u00e7\u00e3o em sa\u00fade e orienta\u00e7\u00e3o de qualidade de vida aos produtores, familiares e trabalhadores rurais. O Tocantins foi estado-piloto do programa, ao lado da Bahia e de Mato Grosso e, desde o in\u00edcio da execu\u00e7\u00e3o, no ano passado, mais de mil pessoas j\u00e1 foram beneficiadas com o trabalho.<\/p>\n<p>&nbsp;<\/p>\n<p>&nbsp;<\/p>\n<p><img fetchpriority=\"high\" decoding=\"async\" class=\"aligncenter wp-image-3705 size-large\" src=\"https:\/\/sistemafaetsenar.org.br\/faet\/wp-content\/uploads\/2025\/10\/WhatsApp-Image-2025-10-29-at-13.51.31-1-1024x682.jpeg\" alt=\"\" width=\"780\" height=\"519\" srcset=\"https:\/\/sistemafaetsenar.org.br\/faet\/wp-content\/uploads\/2025\/10\/WhatsApp-Image-2025-10-29-at-13.51.31-1-1024x682.jpeg 1024w, https:\/\/sistemafaetsenar.org.br\/faet\/wp-content\/uploads\/2025\/10\/WhatsApp-Image-2025-10-29-at-13.51.31-1-300x200.jpeg 300w, https:\/\/sistemafaetsenar.org.br\/faet\/wp-content\/uploads\/2025\/10\/WhatsApp-Image-2025-10-29-at-13.51.31-1.jpeg 1600w\" sizes=\"(max-width: 780px) 100vw, 780px\" \/><\/p>\n<p>&nbsp;<\/p>\n<p>Segundo a superintendente do Senar Tocantins, Rayley Luzza, o programa foi implantado de forma gradual no estado. \u201cCome\u00e7amos pela regi\u00e3o sudeste, depois no Bico do Papagaio, e agora chegamos \u00e0 regi\u00e3o sul. O Sa\u00fade no Campo articula-se com o sistema p\u00fablico de sa\u00fade, promovendo um trabalho preventivo aliado \u00e0 telemedicina, o que tem gerado excelentes resultados\u201d, afirmou.<\/p>\n<p>&nbsp;<\/p>\n<p>O presidente do Sistema FAET\/Senar, Paulo Carneiro, destacou a import\u00e2ncia da amplia\u00e7\u00e3o do programa e seu impacto direto na produtividade rural. \u201cPara que o produtor possa produzir mais e garantir alimentos de qualidade \u00e0 popula\u00e7\u00e3o, \u00e9 fundamental que ele cuide tamb\u00e9m da pr\u00f3pria sa\u00fade. Esse \u00e9 o objetivo do Sa\u00fade no Campo, e estamos felizes em expandir a iniciativa\u201d, declarou.<\/p>\n<p>&nbsp;<\/p>\n<p><img decoding=\"async\" class=\"aligncenter wp-image-3707 size-large\" src=\"https:\/\/sistemafaetsenar.org.br\/faet\/wp-content\/uploads\/2025\/10\/WhatsApp-Image-2025-10-29-at-13.51.31-2-1024x682.jpeg\" alt=\"\" width=\"780\" height=\"519\" srcset=\"https:\/\/sistemafaetsenar.org.br\/faet\/wp-content\/uploads\/2025\/10\/WhatsApp-Image-2025-10-29-at-13.51.31-2-1024x682.jpeg 1024w, https:\/\/sistemafaetsenar.org.br\/faet\/wp-content\/uploads\/2025\/10\/WhatsApp-Image-2025-10-29-at-13.51.31-2-300x200.jpeg 300w, https:\/\/sistemafaetsenar.org.br\/faet\/wp-content\/uploads\/2025\/10\/WhatsApp-Image-2025-10-29-at-13.51.31-2.jpeg 1600w\" sizes=\"(max-width: 780px) 100vw, 780px\" \/><\/p>\n<p>&nbsp;<\/p>\n<p>Representando a prefeita de Gurupi, Josi Nunes, o secret\u00e1rio municipal de Desenvolvimento Econ\u00f4mico e Meio Ambiente, Wilson de Souza, parabenizou o sistema pela a\u00e7\u00e3o. \u201cO Sa\u00fade no Campo complementa as pol\u00edticas de sa\u00fade do munic\u00edpio e contar\u00e1 com o nosso apoio em tudo o que for necess\u00e1rio\u201d, ressaltou.<\/p>\n<p>&nbsp;<\/p>\n<p><img decoding=\"async\" class=\"aligncenter wp-image-3708 size-large\" src=\"https:\/\/sistemafaetsenar.org.br\/faet\/wp-content\/uploads\/2025\/10\/WhatsApp-Image-2025-10-29-at-13.51.34-2-1024x576.jpeg\" alt=\"\" width=\"780\" height=\"439\" srcset=\"https:\/\/sistemafaetsenar.org.br\/faet\/wp-content\/uploads\/2025\/10\/WhatsApp-Image-2025-10-29-at-13.51.34-2-1024x576.jpeg 1024w, https:\/\/sistemafaetsenar.org.br\/faet\/wp-content\/uploads\/2025\/10\/WhatsApp-Image-2025-10-29-at-13.51.34-2-300x169.jpeg 300w, https:\/\/sistemafaetsenar.org.br\/faet\/wp-content\/uploads\/2025\/10\/WhatsApp-Image-2025-10-29-at-13.51.34-2.jpeg 1600w\" sizes=\"(max-width: 780px) 100vw, 780px\" \/><\/p>\n<p>&nbsp;<\/p>\n<p>O presidente do Sindicato Rural de Gurupi, Jo\u00e3o Victor Stival, tamb\u00e9m destacou a relev\u00e2ncia da iniciativa. \u201c\u00c9 mais uma a\u00e7\u00e3o que valoriza o produtor rural, oferece qualidade de vida e fortalece o desenvolvimento da regi\u00e3o sul do estado\u201d, pontuou.<\/p>\n<p>&nbsp;<\/p>\n<p>Durante o evento, foram apresentados os profissionais de sa\u00fade que atuar\u00e3o na regi\u00e3o. Cada t\u00e9cnico de campo atender\u00e1 at\u00e9 30 propriedades rurais j\u00e1 assistidas pelo Senar. As visitas mensais incluem monitoramento, diagn\u00f3stico e encaminhamento para atendimentos de sa\u00fade, com foco na preven\u00e7\u00e3o.<\/p>\n<p>&nbsp;<\/p>\n<p><img loading=\"lazy\" decoding=\"async\" class=\"aligncenter wp-image-3704 size-large\" src=\"https:\/\/sistemafaetsenar.org.br\/faet\/wp-content\/uploads\/2025\/10\/WhatsApp-Image-2025-10-29-at-13.51.34-1-1024x576.jpeg\" alt=\"\" width=\"780\" height=\"439\" srcset=\"https:\/\/sistemafaetsenar.org.br\/faet\/wp-content\/uploads\/2025\/10\/WhatsApp-Image-2025-10-29-at-13.51.34-1-1024x576.jpeg 1024w, https:\/\/sistemafaetsenar.org.br\/faet\/wp-content\/uploads\/2025\/10\/WhatsApp-Image-2025-10-29-at-13.51.34-1-300x169.jpeg 300w, https:\/\/sistemafaetsenar.org.br\/faet\/wp-content\/uploads\/2025\/10\/WhatsApp-Image-2025-10-29-at-13.51.34-1.jpeg 1280w\" sizes=\"(max-width: 780px) 100vw, 780px\" \/><\/p>\n<p>&nbsp;<\/p>\n<p>Para a t\u00e9cnica de sa\u00fade Kelly Cristina Vieira, participar do programa representa uma nova forma de cuidar das pessoas. \u201cAntes eu trabalhava em hospital, onde os pacientes vinham em busca de atendimento. Agora somos n\u00f3s que vamos at\u00e9 o campo promover sa\u00fade e preven\u00e7\u00e3o. Estou muito entusiasmada com essa experi\u00eancia\u201d, contou.<\/p>\n<p>&nbsp;<\/p>\n<p>A produtora Francisca da Silva, uma das primeiras atendidas pelo programa na regi\u00e3o, avaliou positivamente a a\u00e7\u00e3o.<\/p>\n<p>&nbsp;<\/p>\n<p>\u201cFoi gratificante receber a visita do Senar. Muitas vezes a gente perde consultas por dificuldade de ir at\u00e9 a cidade. Com esse atendimento, ficamos mais animados para trabalhar com mais afinco\u201d, afirmou.<\/p>\n<p>&nbsp;<\/p>\n<p><img loading=\"lazy\" decoding=\"async\" class=\"aligncenter wp-image-3710 size-large\" src=\"https:\/\/sistemafaetsenar.org.br\/faet\/wp-content\/uploads\/2025\/10\/WhatsApp-Image-2025-10-29-at-14.12.11-1024x576.jpeg\" alt=\"\" width=\"780\" height=\"439\" srcset=\"https:\/\/sistemafaetsenar.org.br\/faet\/wp-content\/uploads\/2025\/10\/WhatsApp-Image-2025-10-29-at-14.12.11-1024x576.jpeg 1024w, https:\/\/sistemafaetsenar.org.br\/faet\/wp-content\/uploads\/2025\/10\/WhatsApp-Image-2025-10-29-at-14.12.11-300x169.jpeg 300w, https:\/\/sistemafaetsenar.org.br\/faet\/wp-content\/uploads\/2025\/10\/WhatsApp-Image-2025-10-29-at-14.12.11.jpeg 1280w\" sizes=\"(max-width: 780px) 100vw, 780px\" \/><\/p>\n<p>&nbsp;<\/p>\n<p>Com a chegada do Programa Sa\u00fade no Campo \u00e0 regi\u00e3o sul, o Sistema FAET\/Senar Tocantins refor\u00e7a seu compromisso com o bem-estar, a sa\u00fade e a qualidade de vida no meio rural, integrando a\u00e7\u00f5es de assist\u00eancia tecnica, gerencial e de sa\u00fade.<\/p>\n","protected":false},"excerpt":{"rendered":"<p>O Programa Sa\u00fade no Campo, uma iniciativa do Sistema CNA\/Senar com o Sistema FAET\/Senar\/IFAET\/Sindicatos Rurais, chega agora \u00e0 regi\u00e3o sul do Tocantins. &nbsp; O evento de lan\u00e7amento foi realizado na Fazenda Gl\u00f3ria, em Gurupi, propriedade do produtor Deusdeth Alves Gl\u00f3ria, que \u00e9 assistido pela Assist\u00eancia T\u00e9cnica e Gerencial (ATeG) do Senar, uma das exig\u00eancias do [&hellip;]<\/p>\n","protected":false},"author":7,"featured_media":3702,"comment_status":"open","ping_status":"open","sticky":false,"template":"","format":"standard","meta":{"kia_subtitle":"","footnotes":""},"categories":[15,26,17],"tags":[152,151],"class_list":["post-3701","post","type-post","status-publish","format-standard","has-post-thumbnail","hentry","category-faet","category-noticia-principal","category-programas","tag-gurupi","tag-saude-no-campo"],"_links":{"self":[{"href":"https:\/\/sistemafaetsenar.org.br\/faet\/wp-json\/wp\/v2\/posts\/3701"}],"collection":[{"href":"https:\/\/sistemafaetsenar.org.br\/faet\/wp-json\/wp\/v2\/posts"}],"about":[{"href":"https:\/\/sistemafaetsenar.org.br\/faet\/wp-json\/wp\/v2\/types\/post"}],"author":[{"embeddable":true,"href":"https:\/\/sistemafaetsenar.org.br\/faet\/wp-json\/wp\/v2\/users\/7"}],"replies":[{"embeddable":true,"href":"https:\/\/sistemafaetsenar.org.br\/faet\/wp-json\/wp\/v2\/comments?post=3701"}],"version-history":[{"count":0,"href":"https:\/\/sistemafaetsenar.org.br\/faet\/wp-json\/wp\/v2\/posts\/3701\/revisions"}],"wp:featuredmedia":[{"embeddable":true,"href":"https:\/\/sistemafaetsenar.org.br\/faet\/wp-json\/wp\/v2\/media\/3702"}],"wp:attachment":[{"href":"https:\/\/sistemafaetsenar.org.br\/faet\/wp-json\/wp\/v2\/media?parent=3701"}],"wp:term":[{"taxonomy":"category","embeddable":true,"href":"https:\/\/sistemafaetsenar.org.br\/faet\/wp-json\/wp\/v2\/categories?post=3701"},{"taxonomy":"post_tag","embeddable":true,"href":"https:\/\/sistemafaetsenar.org.br\/faet\/wp-json\/wp\/v2\/tags?post=3701"}],"curies":[{"name":"wp","href":"https:\/\/api.w.org\/{rel}","templated":true}]}}