{"id":3673,"date":"2025-10-08T15:46:10","date_gmt":"2025-10-08T18:46:10","guid":{"rendered":"https:\/\/sistemafaetsenar.org.br\/faet\/?p=3673"},"modified":"2025-10-08T15:46:10","modified_gmt":"2025-10-08T18:46:10","slug":"conecta-agro-2025-abertura-acontece-nesta-quarta-feira-em-pedro-afonso","status":"publish","type":"post","link":"https:\/\/sistemafaetsenar.org.br\/faet\/conecta-agro-2025-abertura-acontece-nesta-quarta-feira-em-pedro-afonso\/","title":{"rendered":"Conecta Agro 2025: Abertura acontece nesta quarta-feira, em Pedro Afonso.\u00a0"},"content":{"rendered":"<p>Come\u00e7a nesta quarta-feira, 08\/10, no Parque de Exposi\u00e7\u00f5es Jo\u00e3o Damasceno de S\u00e1, em Pedro Afonso, recebe a primeira edi\u00e7\u00e3o do Conecta Agro 2025, feira que substitui a tradicional Festsoja e a Exposi\u00e7\u00e3o Agropecu\u00e1ria do munic\u00edpio.<\/p>\n<p>&nbsp;<\/p>\n<p>Com o tema <i>\u201cDa terra \u00e0 tecnologia, o Agro que transforma\u201d<\/i>, o evento busca fortalecer a integra\u00e7\u00e3o entre inova\u00e7\u00e3o, conhecimento e tradi\u00e7\u00e3o rural, promovendo neg\u00f3cios, palestras, rodeio e atra\u00e7\u00f5es culturais.<\/p>\n<p>&nbsp;<\/p>\n<p>Segundo a presidente do Sindicato Rural, Simone Sandri, a expectativa \u00e9 de atrair cerca de 10 mil visitantes \u201cO evento \u00e9 um ponto de encontro de ideias, pessoas e oportunidades, Das palestras \u00e0s demonstra\u00e7\u00f5es de inova\u00e7\u00e3o, o Conecta Agro mostra que o setor \u00e9 forte, moderno e cada vez mais conectado\u201d. Destacou a presidente<\/p>\n<p>&nbsp;<\/p>\n<p>A abertura ser\u00e1 com a missa campal de Nossa Senhora Aparecida, celebrada pelo padre Jo\u00e3o Neto e o Coral Minist\u00e9rio da M\u00fasica Sertaneja. Em seguida, o p\u00fablico poder\u00e1 acompanhar o desfile e a escolha da Garota Conecta Agro, e, encerrando a noite, um show de Z\u00e9 Vianna &amp; Gabriel. Na quinta-feira, 9, o p\u00fablico acompanhar\u00e1 o in\u00edcio do rodeio e show de Humberto &amp; Ronaldo.<\/p>\n<p>&nbsp;<\/p>\n<p>A agenda t\u00e9cnica do Agro Forte, marcada para sexta, 10 e s\u00e1bado, 11, re\u00fane especialistas em produtividade, mercado, meio ambiente e inova\u00e7\u00e3o.<\/p>\n<p>&nbsp;<\/p>\n<p>Na sexta, \u00e0s 9h, Marcos Maciel apresenta \u201cO uso do projeto de linha para o aumento de lucratividade e efici\u00eancia operacional\u201d, palestra dedicada a pr\u00e1ticas de planejamento de cultivos e manejo que visam reduzir custos e melhorar desempenho. Em seguida, Adilson Santos fala sobre \u201cO aumento da produtividade come\u00e7a na melhor escolha soja\/milho\u201d, tema que aborda sele\u00e7\u00e3o de h\u00edbridos, janelas de semeadura e manejo de solo para ganho de produtividade.<\/p>\n<p>&nbsp;<\/p>\n<p>\u00c0 tarde, Cledson da Rocha Lima tratar\u00e1 da \u201cRegulariza\u00e7\u00e3o ambiental no Estado do Tocantins\u201d, com orienta\u00e7\u00f5es sobre licenciamento, exig\u00eancias legais e medidas de conformidade e Pedro Rodrigues far\u00e1 uma an\u00e1lise de \u201cCen\u00e1rios do mercado internacional e perspectivas para os pr\u00f3ximos anos\u201d, focado em tend\u00eancias de demanda e pre\u00e7os de commodities.<\/p>\n<p>&nbsp;<\/p>\n<p>A programa\u00e7\u00e3o do turno ainda traz uma apresenta\u00e7\u00e3o de F\u00e1tima Martins sobre o papel das mulheres no agro e, no in\u00edcio da noite, Beto Lima integra a grade com palestra sobre \u201cInd\u00fastria e Com\u00e9rcio\u201d. \u00c0s 19h, Aldo Rebelo encerra a sexta com \u201cO Brasil na geopol\u00edtica ambiental\u201d, relacionando agenda ambiental, pol\u00edticas p\u00fablicas e press\u00f5es internacionais sobre o setor produtivo.<\/p>\n<p>&nbsp;<\/p>\n<p>&nbsp;<\/p>\n<p>O s\u00e1bado \u00e9 focado no p\u00fablico feminino e nas novas gera\u00e7\u00f5es: Renata Alvarenga aborda \u201cO poder da comunica\u00e7\u00e3o assertiva\u201d, voltada a t\u00e9cnicas de comunica\u00e7\u00e3o e lideran\u00e7a e a secret\u00e1ria da agricultura do Tocantins, Francisca Marta, trata de \u201cMulheres e a agricultura familiar\u201d.\u00a0No mesmo dia haver\u00e1 um talk show com Simone Sandri, Maria C\u00e2ndida, Francinete Santos e Inara Machado, al\u00e9m de show de Dayanna.<\/p>\n<p>&nbsp;<\/p>\n<p>Ao longo do fim de semana o p\u00fablico acompanhar\u00e1 a Feira da Colheita, oficinas promovidas por jovens do IFTO, rodadas de neg\u00f3cios e provas equestres, com encerramento do rodeio e show de Vitor &amp; Luan.<\/p>\n<p>&nbsp;<\/p>\n<p>Com expectativa de atrair cerca de 10 mil visitantes, o Conecta Agro visa estimular parcerias e disseminar conhecimento t\u00e9cnico. \u201dO evento \u00e9 um ponto de encontro de ideias, pessoas e oportunidades, Das palestras \u00e0s demonstra\u00e7\u00f5es de inova\u00e7\u00e3o, o Conecta Agro mostra que o setor \u00e9 forte, moderno e cada vez mais conectado\u201d. Diz a presidente do Sindicato, Simone Sandri.<\/p>\n<p>&nbsp;<\/p>\n<p>O Conecta Agro \u00e9 uma realiza\u00e7\u00e3o do Sindicato Rural de Pedro Afonso e Regi\u00e3o (SIRPAR), com apoio do Sistema FAET\/SENAR\/Sindicatos, Cooperativa Agroindustrial do Tocantins (COAPA), Servi\u00e7o Brasileiro de Apoio \u00e0s Micro e Pequenas Empresas (SEBRAE), Secretaria Estadual do Turismo, do Conselho de Desenvolvimento Econ\u00f4mico do Estado (CDE), Prefeitura Municipal de Pedro Afonso e Governo do Tocantins.<\/p>\n<p>&nbsp;<\/p>\n","protected":false},"excerpt":{"rendered":"<p>Come\u00e7a nesta quarta-feira, 08\/10, no Parque de Exposi\u00e7\u00f5es Jo\u00e3o Damasceno de S\u00e1, em Pedro Afonso, recebe a primeira edi\u00e7\u00e3o do Conecta Agro 2025, feira que substitui a tradicional Festsoja e a Exposi\u00e7\u00e3o Agropecu\u00e1ria do munic\u00edpio. &nbsp; Com o tema \u201cDa terra \u00e0 tecnologia, o Agro que transforma\u201d, o evento busca fortalecer a integra\u00e7\u00e3o entre inova\u00e7\u00e3o, [&hellip;]<\/p>\n","protected":false},"author":3,"featured_media":3674,"comment_status":"open","ping_status":"open","sticky":false,"template":"","format":"standard","meta":{"kia_subtitle":"","footnotes":""},"categories":[26],"tags":[],"class_list":["post-3673","post","type-post","status-publish","format-standard","has-post-thumbnail","hentry","category-noticia-principal"],"_links":{"self":[{"href":"https:\/\/sistemafaetsenar.org.br\/faet\/wp-json\/wp\/v2\/posts\/3673"}],"collection":[{"href":"https:\/\/sistemafaetsenar.org.br\/faet\/wp-json\/wp\/v2\/posts"}],"about":[{"href":"https:\/\/sistemafaetsenar.org.br\/faet\/wp-json\/wp\/v2\/types\/post"}],"author":[{"embeddable":true,"href":"https:\/\/sistemafaetsenar.org.br\/faet\/wp-json\/wp\/v2\/users\/3"}],"replies":[{"embeddable":true,"href":"https:\/\/sistemafaetsenar.org.br\/faet\/wp-json\/wp\/v2\/comments?post=3673"}],"version-history":[{"count":0,"href":"https:\/\/sistemafaetsenar.org.br\/faet\/wp-json\/wp\/v2\/posts\/3673\/revisions"}],"wp:featuredmedia":[{"embeddable":true,"href":"https:\/\/sistemafaetsenar.org.br\/faet\/wp-json\/wp\/v2\/media\/3674"}],"wp:attachment":[{"href":"https:\/\/sistemafaetsenar.org.br\/faet\/wp-json\/wp\/v2\/media?parent=3673"}],"wp:term":[{"taxonomy":"category","embeddable":true,"href":"https:\/\/sistemafaetsenar.org.br\/faet\/wp-json\/wp\/v2\/categories?post=3673"},{"taxonomy":"post_tag","embeddable":true,"href":"https:\/\/sistemafaetsenar.org.br\/faet\/wp-json\/wp\/v2\/tags?post=3673"}],"curies":[{"name":"wp","href":"https:\/\/api.w.org\/{rel}","templated":true}]}}