{"id":3669,"date":"2025-10-07T10:15:18","date_gmt":"2025-10-07T13:15:18","guid":{"rendered":"https:\/\/sistemafaetsenar.org.br\/faet\/?p=3669"},"modified":"2025-10-07T10:16:16","modified_gmt":"2025-10-07T13:16:16","slug":"expoagra-2025-reune-cultura-tradicao-e-agronegocio-em-augustinopolis","status":"publish","type":"post","link":"https:\/\/sistemafaetsenar.org.br\/faet\/expoagra-2025-reune-cultura-tradicao-e-agronegocio-em-augustinopolis\/","title":{"rendered":"Expoagra 2025 re\u00fane cultura, tradi\u00e7\u00e3o e agroneg\u00f3cio em Augustin\u00f3polis"},"content":{"rendered":"<p>A cidade de Augustin\u00f3polis est\u00e1 em clima de festa com a realiza\u00e7\u00e3o da IX Exposi\u00e7\u00e3o Agropecu\u00e1ria \u2013 Expoagra 2025, que acontece entre os dias 4 e 11 de outubro, no Parque de Exposi\u00e7\u00f5es Dilson Martins. O evento re\u00fane atividades voltadas ao setor agropecu\u00e1rio, manifesta\u00e7\u00f5es culturais e tradi\u00e7\u00f5es locais, atraindo produtores, moradores e visitantes de toda a regi\u00e3o do Bico do Papagaio.<\/p>\n<p>&nbsp;<\/p>\n<p>\u201cEssa \u00e9 a nossa maior festa do produtor rural em Augustin\u00f3polis e em toda a regi\u00e3o. Queremos que todos abracem essa causa, participem das atividades, vistam a camisa do Sindicato e tenham orgulho de fazer parte da festa do agro\u201d, destacou a presidente do Sindicato Rural de Augustin\u00f3polis, C\u00e1ssia Rejane Cayres<\/p>\n<p>&nbsp;<\/p>\n<p>Entre os dias 9 e 11, o rodeio ser\u00e1 um dos principais atrativos, reunindo competidores e p\u00fablico interessado na tradi\u00e7\u00e3o esportiva do meio rural. As apresenta\u00e7\u00f5es musicais ser\u00e3o parte central da programa\u00e7\u00e3o: L\u00e9o Magalh\u00e3es e DJ Netto no dia 9; Forr\u00f3 de Press\u00e3o no dia 10; e, no encerramento, no dia 11, shows de Hugo Henrique, Mastruz com Leite e Winguim.<\/p>\n<p>&nbsp;<\/p>\n<p>A programa\u00e7\u00e3o tamb\u00e9m contempla a\u00e7\u00f5es de capacita\u00e7\u00e3o t\u00e9cnica. Est\u00e3o previstas oficinas de Produ\u00e7\u00e3o de Biscoitos Artesanais, Equideocultura \u2013 Manejo e Primeiros Socorros, Derivados de Leite, Equitac\u0327a\u0303o B\u00e1sica e Panifica\u00e7\u00e3o Rural, realizadas em diferentes dias da semana. Entre os cursos, destacam-se Opera\u00e7\u00e3o de Drone &#8211; Mapeamento A\u00e9reo na Agropecu\u00e1ria de 7 \u00e0 11 de outubro, Produ\u00e7\u00e3o de Doces, Conservas, Compotas e Frutos Cristalizados entre 6 e 10 de outubro e Piscicultura tamb\u00e9m de 06 \u00e0 10.<\/p>\n<p>&nbsp;<\/p>\n<p>&nbsp;<\/p>\n<p>Integrado \u00e0 Expoagra, o AgroForte promover\u00e1 atividades voltadas a jovens, produtores e t\u00e9cnicos de ATeG. No dia 9 de outubro, a agenda do Agro Jovem contar\u00e1 com a palestra \u201cJovens: protagonistas do futuro\u201d, de Omar Hennemann, seguida da palestra de Danilo Barbacena sobre \u201cIA e o agro\u201d. A tarde ter\u00e1 uma pe\u00e7a teatral e o talk show \u201cJovens sucessores\u201d. O AgroForte \u00e9 parceria com MAPA e Governo Federal.<\/p>\n<p>&nbsp;<\/p>\n<p>&nbsp;<\/p>\n<p>J\u00e1 no dia 10 de outubro, ser\u00e1 a vez dos produtores rurais, com o lan\u00e7amento oficial do programa Sa\u00fade no Campo pela manh\u00e3 e uma reuni\u00e3o de alinhamento com t\u00e9cnicos da ATeG no per\u00edodo da tarde. No dia 11 de outubro, a programa\u00e7\u00e3o do Agro Forte Augustin\u00f3polis ter\u00e1 palestra de S\u00edlvia Souto, \u00e0s 15h, sobre \u201cProdutividade al\u00e9m do tempo\u201d, seguida de um talk show sobre \u201cMulheres destaque no agro\u201d, \u00e0s 16h, e, \u00e0s 19h, palestra de Aldo Rebelo sobre \u201cO Brasil na geopol\u00edtica ambiental\u201d.<\/p>\n<p>&nbsp;<\/p>\n<p>A Expoagra 2025 contar\u00e1 ainda com a Feira da Colheita, que ser\u00e1 realizada entre os dias 9 e 11 com oficinas e palestras conduzidas por jovens do IFTO.<\/p>\n<p>&nbsp;<\/p>\n<p>&nbsp;<\/p>\n<p>A Expoagra \u00e9 realizada pelo Sindicato Rural de Augustin\u00f3polis, com apoio do Sistema FAET\/Senar\/Sindicatos, Servi\u00e7o Brasileiro de Apoio \u00e0s Micro e Pequenas Empresas (Sebrae) SEBRAE, Secretaria Estadual do Turismo, do Conselho de Desenvolvimento Econ\u00f4mico do Estado (CDE), Assembleia Legislativa, Prefeitura de Augustin\u00f3polis e Governo do Tocantins.<\/p>\n","protected":false},"excerpt":{"rendered":"<p>A cidade de Augustin\u00f3polis est\u00e1 em clima de festa com a realiza\u00e7\u00e3o da IX Exposi\u00e7\u00e3o Agropecu\u00e1ria \u2013 Expoagra 2025, que acontece entre os dias 4 e 11 de outubro, no Parque de Exposi\u00e7\u00f5es Dilson Martins. O evento re\u00fane atividades voltadas ao setor agropecu\u00e1rio, manifesta\u00e7\u00f5es culturais e tradi\u00e7\u00f5es locais, atraindo produtores, moradores e visitantes de toda [&hellip;]<\/p>\n","protected":false},"author":3,"featured_media":3670,"comment_status":"open","ping_status":"open","sticky":false,"template":"","format":"standard","meta":{"kia_subtitle":"","footnotes":""},"categories":[26],"tags":[],"class_list":["post-3669","post","type-post","status-publish","format-standard","has-post-thumbnail","hentry","category-noticia-principal"],"_links":{"self":[{"href":"https:\/\/sistemafaetsenar.org.br\/faet\/wp-json\/wp\/v2\/posts\/3669"}],"collection":[{"href":"https:\/\/sistemafaetsenar.org.br\/faet\/wp-json\/wp\/v2\/posts"}],"about":[{"href":"https:\/\/sistemafaetsenar.org.br\/faet\/wp-json\/wp\/v2\/types\/post"}],"author":[{"embeddable":true,"href":"https:\/\/sistemafaetsenar.org.br\/faet\/wp-json\/wp\/v2\/users\/3"}],"replies":[{"embeddable":true,"href":"https:\/\/sistemafaetsenar.org.br\/faet\/wp-json\/wp\/v2\/comments?post=3669"}],"version-history":[{"count":0,"href":"https:\/\/sistemafaetsenar.org.br\/faet\/wp-json\/wp\/v2\/posts\/3669\/revisions"}],"wp:featuredmedia":[{"embeddable":true,"href":"https:\/\/sistemafaetsenar.org.br\/faet\/wp-json\/wp\/v2\/media\/3670"}],"wp:attachment":[{"href":"https:\/\/sistemafaetsenar.org.br\/faet\/wp-json\/wp\/v2\/media?parent=3669"}],"wp:term":[{"taxonomy":"category","embeddable":true,"href":"https:\/\/sistemafaetsenar.org.br\/faet\/wp-json\/wp\/v2\/categories?post=3669"},{"taxonomy":"post_tag","embeddable":true,"href":"https:\/\/sistemafaetsenar.org.br\/faet\/wp-json\/wp\/v2\/tags?post=3669"}],"curies":[{"name":"wp","href":"https:\/\/api.w.org\/{rel}","templated":true}]}}