{"id":3661,"date":"2025-10-03T17:54:32","date_gmt":"2025-10-03T20:54:32","guid":{"rendered":"https:\/\/sistemafaetsenar.org.br\/faet\/?p=3661"},"modified":"2025-10-03T18:04:57","modified_gmt":"2025-10-03T21:04:57","slug":"paulo-carneiro-e-reeleito-presidente-da-faet-por-unanimidade","status":"publish","type":"post","link":"https:\/\/sistemafaetsenar.org.br\/faet\/paulo-carneiro-e-reeleito-presidente-da-faet-por-unanimidade\/","title":{"rendered":"Paulo Carneiro \u00e9 reeleito presidente da FAET por unanimidade"},"content":{"rendered":"<p>Por unanimidade dos votos, o presidente da Federa\u00e7\u00e3o da Agricultura e Pecu\u00e1ria do Estado do Tocantins (FAET), Paulo Carneiro, foi reeleito para comandar a entidade no quadri\u00eanio 2026-2029. A elei\u00e7\u00e3o da nova diretoria e conselho fiscal da entidade foi realizada nesta sexta, 03 de outubro, na sede da entidade em Palmas.<\/p>\n<p>&nbsp;<\/p>\n<p><img fetchpriority=\"high\" decoding=\"async\" class=\"alignnone wp-image-3663 size-large\" src=\"https:\/\/sistemafaetsenar.org.br\/faet\/wp-content\/uploads\/2025\/10\/WhatsApp-Image-2025-10-03-at-17.52.31-1024x576.jpeg\" alt=\"\" width=\"780\" height=\"439\" srcset=\"https:\/\/sistemafaetsenar.org.br\/faet\/wp-content\/uploads\/2025\/10\/WhatsApp-Image-2025-10-03-at-17.52.31-1024x576.jpeg 1024w, https:\/\/sistemafaetsenar.org.br\/faet\/wp-content\/uploads\/2025\/10\/WhatsApp-Image-2025-10-03-at-17.52.31-300x169.jpeg 300w, https:\/\/sistemafaetsenar.org.br\/faet\/wp-content\/uploads\/2025\/10\/WhatsApp-Image-2025-10-03-at-17.52.31.jpeg 1280w\" sizes=\"(max-width: 780px) 100vw, 780px\" \/><\/p>\n<p>&nbsp;<\/p>\n<p>Dos 40 presidentes de sindicatos rurais do Tocantins aptos a votar 38 compareceram \u00e0 vota\u00e7\u00e3o e manifestaram apoio total \u00e0 chapa \u201cAlian\u00e7a pelo Agro\u201d. O atual presidente, Paulo Carneiro, foi reeleito e seguir\u00e1 \u00e0 frente da institui\u00e7\u00e3o ao lado de produtores rurais e presidentes de sindicatos de diversas regi\u00f5es do estado.<\/p>\n<p>&nbsp;<\/p>\n<p>\u201cEssa vit\u00f3ria \u00e9 hist\u00f3rica na federa\u00e7\u00e3o e \u00e9 uma resposta ao trabalho que nossa diretoria realizou nesses quatro anos de mandato. Quero agradecer a todos os nossos diretores, os presidentes de sindicatos, nossas equipes da federa\u00e7\u00e3o e do Senar pelo trabalho realizado e sobretudo ao Sistema CNA\/Senar, na pessoa do presidente Jo\u00e3o Martins e do diretor geral Daniel Carrara, que sempre estiveram ao nosso lado\u201d, destacou.<\/p>\n<p>&nbsp;<\/p>\n<p>Ap\u00f3s o anuncio do resultado da vota\u00e7\u00e3o, Paulo Carneiro tamb\u00e9m fez um compromisso de atuar fortemente para fortalecer e garantir a independ\u00eancia da entidade. \u201cVamos reunir todos aqueles que querem o melhor para o agro tocantinense, estamos de portas abertas a todos as entidades e parceiros para garantir as condi\u00e7\u00f5es necess\u00e1rias para que o agro continue crescendo no nosso estado\u201d disse.<\/p>\n<p>&nbsp;<\/p>\n<p>Paulo Carneiro traz uma trajet\u00f3ria de mais de tr\u00eas d\u00e9cadas no agro tocantinense. Pecuarista radicado em Almas, no sudeste do estado, presidiu o sindicato do munic\u00edpio por 15 anos. Ocupou cargos estrat\u00e9gicos no setor, tanto em conselhos estaduais como nacionais, foi vice-presidente da FAET, presidente interino e eleito pela primeira vez em 2021 para o mandato atual.<\/p>\n<p>&nbsp;<\/p>\n<p>Agora, Paulo Carneiro ter\u00e1 na vice-presid\u00eancia o produtor rural e presidente do Sindicato Rural de Miracema, Fred Sodr\u00e9 e na segunda vice-presid\u00eancia o empres\u00e1rio do agro e CEO da AGROJEM e Motta Fertilizantes, o produtor Jos\u00e9 Eduardo Motta, que tamb\u00e9m \u00e9 vice-presidente do Sindicato Rural de Miranorte.<\/p>\n<p>&nbsp;<\/p>\n<p>A diretoria ainda \u00e9 composta pelo presidente do Sindicato Rural de Lagoa da Confus\u00e3o, Vanderlei Silva, que passar\u00e1 a ocupar a vaga de primeiro secret\u00e1rio. Na segunda secretaria estar\u00e1 agora o tamb\u00e9m pecuarista Francisco Tozzatti, que preside do Sindicato Rural de Dois Irm\u00e3os. Na tesouraria permanecer\u00e1 o presidente do Sindicato Rural de Formoso do Araguaia, Eur\u00edpedes Costa, agora acompanhado do presidente do Sindicato Rural de Marian\u00f3polis, Darci D\u00e1rio.<\/p>\n<p>&nbsp;<\/p>\n<p><strong>Conhe\u00e7a a chapa eleita para o quadri\u00eanio 2026\u20132029<\/strong><\/p>\n<p>&nbsp;<\/p>\n<p><strong>Diretoria<\/strong><\/p>\n<p>Presidente: Paulo Carneiro<br \/>\nPaulo Carneiro \u00e9 paulista de Buritizal, erradicado a 34 anos no Tocantins. Pecuarista, esteve \u00e0 frente do Sindicato Rural de Almas durante 15 anos e foi vereador do munic\u00edpio de 1997 a 2000. Foi vice-presidente da FAET durante tr\u00eas mandatos, presidiu interinamente a entidade de 2015 a 2017 e de 2018 a 2021, quando foi eleito presidente por unanimidade dos votantes. Paulo Carneiro tamb\u00e9m \u00e9 presidente do Conselho Deliberativo do Sebrae Tocantins no quadri\u00eanio 2023-2026, conselheiro fiscal da Confedera\u00e7\u00e3o da Agricultura e Pecu\u00e1ria do Brasil (CNA) e membro do Conselho de Desenvolvimento Econ\u00f4mico do Estado do Tocantins (CDE).<\/p>\n<p>&nbsp;<\/p>\n<p>Vice-presidente: Fred Sodr\u00e9<br \/>\nProdutor rural, j\u00e1 foi secret\u00e1rio municipal de Agricultura de Miracema, assessor especial da Seagro, diretor do Sindicato Rural de Miracema de 2005 a 2008, superintendente da FAET e conselheiro titular do Fundeagro desde 2018. Atualmente presidente o Sindicato Rural de Miracema.<\/p>\n<p>&nbsp;<\/p>\n<p>2\u00ba Vice-presidente: Jos\u00e9 Eduardo Motta<br \/>\nCEO da AGROJEM e Motta Fertilizantes, o produtor \u00e9 focado na cria\u00e7\u00e3o de gado com gen\u00e9tica aprimorada. A AGROJEM expandiu suas atividades para engorda e confinamento. Tamb\u00e9m \u00e9 vice-presidente do Sindicato Rural de Miranorte.<\/p>\n<p>&nbsp;<\/p>\n<p>1\u00ba Secret\u00e1rio: Vanderlei Silva<br \/>\nProdutor rural, pecuarista, \u00e9 presidente do Sindicato Rural de Lagoa da Confus\u00e3o, foi diretor do Sindicato Rural de Can\u00e1polis-MG por 12 anos. Atualmente \u00e9 diretor do leil\u00e3o de Aragua\u00e7u na cidade de Aragua\u00e7u..<\/p>\n<p>&nbsp;<\/p>\n<p>2\u00ba Secret\u00e1rio: Francisco Tozzatti<br \/>\nEconomista, produtor rural e criador de gado comercial, tamb\u00e9m \u00e9 presidente do Sindicato Rural de Dois Irm\u00e3os e membro da diretoria da ADSTO (Associa\u00e7\u00e3o de Desenvolvimento Sustent\u00e1vel do Tocantins)<\/p>\n<p>&nbsp;<\/p>\n<p>1\u00ba Tesoureiro: Eur\u00edpedes Costa<br \/>\nPecuarista, \u00e9 Presidente do Sindicato Rural de Formoso do Araguaia. Foi o primeiro tesoureiro da FAET.<\/p>\n<p>&nbsp;<\/p>\n<p>2\u00ba Tesoureiro: Darci D\u00e1rio<br \/>\nPresidente do Sindicato Rural de Marian\u00f3polis h\u00e1 12 anos, faz parte da diretoria do Sicoob Tocantins, dirige uma empresa de produtos em ra\u00e7\u00e3o animal e \u00e9 pecuarista.<\/p>\n<p>&nbsp;<\/p>\n<p><strong>Suplentes da Diretoria<\/strong><\/p>\n<p>Simone Sandri \u2013 Produtora rural, presidente do Sindicato Rural de Pedro Afonso, tamb\u00e9m tem uma longa experi\u00eancia profissional em cargos de confian\u00e7a no \u00e2mbito do poder p\u00fablico estadual e municipal.<\/p>\n<p>&nbsp;<\/p>\n<p>Paulo Labre \u2013 Contador, j\u00e1 foi vereador, pecuarista h\u00e1 mais de 32 anos, faz parte do sindicato rural h\u00e1 mais de 20 anos e hoje \u00e9 presidente do Sindicato Rural de Tocantin\u00f3polis.<\/p>\n<p>&nbsp;<\/p>\n<p>Fabr\u00edcio C\u00e2ndido \u2013 Presidente do Sindicato Rural de Taguatinga, \u00e9 produtor rural e empres\u00e1rio do setor de transporte de bovinos.<\/p>\n<p>&nbsp;<\/p>\n<p>Fl\u00e1via Germendorff \u2013 Produtora rural, e gestora em Economia do Agroneg\u00f3cio, tamb\u00e9m \u00e9 diretora financeira da Aprosoja-TO.<\/p>\n<p>&nbsp;<\/p>\n<p>Jhonatan Ara\u00fajo \u2013 Pecuarista, empres\u00e1rio de assessoria pecu\u00e1ria, \u00e9 tamb\u00e9m presidente do Sindicato Rural de Divin\u00f3polis.<\/p>\n<p>&nbsp;<\/p>\n<p><strong>CONSELHO FISCAL:<\/strong><\/p>\n<p>Jackson Lima &#8211; produtor e presidente do Sindicato Rural de Cristal\u00e2ndia<\/p>\n<p>Valdemar Neponucemo &#8211; produtor\u00a0 e presidente do Sindicato Rural de Anan\u00e1s<\/p>\n<p>Ozenira Caldeira Marques &#8211; produtora e presidente do Sindicato Rural\u00a0 de Duer\u00e9<\/p>\n<p>Cleiton Marinho de Brito &#8211; produtor e presidente do Sindicato Rural de Barrol\u00e2ndia<\/p>\n<p>Marcos Ant\u00f4nio Feitoza &#8211; produtor e presidente do Sindicato Rural de Araguatins<\/p>\n<p>&nbsp;<\/p>\n<p><strong>SUPLENTES<\/strong><\/p>\n<p>Raimundo Nonato &#8211; produtor e membro do presidente do Sindicato Rural de Dois Irm\u00e3os<\/p>\n<p>M\u00e9rcio Viana de Oliveira &#8211; produtor e presidente do Sindicato Rural de Palmeiropolis<\/p>\n<p>Edilson Gabino &#8211; produtor e presidente do Sindicato Rural de Abreulandia<\/p>\n<p>Saulo Soares &#8211; produtor e presidente do Sindicato Rural de Colmeia<\/p>\n<p>Gilvana Barros &#8211; produtora e presidente do Sindicato Rural de Alian\u00e7a<\/p>\n","protected":false},"excerpt":{"rendered":"<p>Por unanimidade dos votos, o presidente da Federa\u00e7\u00e3o da Agricultura e Pecu\u00e1ria do Estado do Tocantins (FAET), Paulo Carneiro, foi reeleito para comandar a entidade no quadri\u00eanio 2026-2029. A elei\u00e7\u00e3o da nova diretoria e conselho fiscal da entidade foi realizada nesta sexta, 03 de outubro, na sede da entidade em Palmas. &nbsp; &nbsp; Dos 40 [&hellip;]<\/p>\n","protected":false},"author":3,"featured_media":3662,"comment_status":"open","ping_status":"open","sticky":false,"template":"","format":"standard","meta":{"kia_subtitle":"Ele vai comandar a entidade no quadri\u00eanio 2026\u20132029","footnotes":""},"categories":[26],"tags":[],"class_list":["post-3661","post","type-post","status-publish","format-standard","has-post-thumbnail","hentry","category-noticia-principal"],"_links":{"self":[{"href":"https:\/\/sistemafaetsenar.org.br\/faet\/wp-json\/wp\/v2\/posts\/3661"}],"collection":[{"href":"https:\/\/sistemafaetsenar.org.br\/faet\/wp-json\/wp\/v2\/posts"}],"about":[{"href":"https:\/\/sistemafaetsenar.org.br\/faet\/wp-json\/wp\/v2\/types\/post"}],"author":[{"embeddable":true,"href":"https:\/\/sistemafaetsenar.org.br\/faet\/wp-json\/wp\/v2\/users\/3"}],"replies":[{"embeddable":true,"href":"https:\/\/sistemafaetsenar.org.br\/faet\/wp-json\/wp\/v2\/comments?post=3661"}],"version-history":[{"count":0,"href":"https:\/\/sistemafaetsenar.org.br\/faet\/wp-json\/wp\/v2\/posts\/3661\/revisions"}],"wp:featuredmedia":[{"embeddable":true,"href":"https:\/\/sistemafaetsenar.org.br\/faet\/wp-json\/wp\/v2\/media\/3662"}],"wp:attachment":[{"href":"https:\/\/sistemafaetsenar.org.br\/faet\/wp-json\/wp\/v2\/media?parent=3661"}],"wp:term":[{"taxonomy":"category","embeddable":true,"href":"https:\/\/sistemafaetsenar.org.br\/faet\/wp-json\/wp\/v2\/categories?post=3661"},{"taxonomy":"post_tag","embeddable":true,"href":"https:\/\/sistemafaetsenar.org.br\/faet\/wp-json\/wp\/v2\/tags?post=3661"}],"curies":[{"name":"wp","href":"https:\/\/api.w.org\/{rel}","templated":true}]}}