{"id":3656,"date":"2025-10-03T11:26:44","date_gmt":"2025-10-03T14:26:44","guid":{"rendered":"https:\/\/sistemafaetsenar.org.br\/faet\/?p=3656"},"modified":"2025-10-03T11:26:44","modified_gmt":"2025-10-03T14:26:44","slug":"faet-participa-da-etapa-estadual-da-ii-conferencia-nacional-do-trabalho-em-palmas","status":"publish","type":"post","link":"https:\/\/sistemafaetsenar.org.br\/faet\/faet-participa-da-etapa-estadual-da-ii-conferencia-nacional-do-trabalho-em-palmas\/","title":{"rendered":"FAET participa da etapa estadual da II Confer\u00eancia Nacional do Trabalho em Palmas"},"content":{"rendered":"<p align=\"justify\"><span style=\"font-family: Arial, serif;\">A Federa\u00e7\u00e3o da Agricultura e Pecu\u00e1ria do Estado do Tocantins (FAET) participou da etapa estadual da II Confer\u00eancia Nacional do Trabalho, realizada em Palmas no dia 30 de setembro de 2025.<\/span><\/p>\n<p align=\"justify\">\n<p align=\"justify\"><img fetchpriority=\"high\" decoding=\"async\" class=\"alignnone wp-image-3658 size-large\" src=\"https:\/\/sistemafaetsenar.org.br\/faet\/wp-content\/uploads\/2025\/10\/Foto-Plenaria-1-1024x576.jpg\" alt=\"\" width=\"780\" height=\"439\" srcset=\"https:\/\/sistemafaetsenar.org.br\/faet\/wp-content\/uploads\/2025\/10\/Foto-Plenaria-1-1024x576.jpg 1024w, https:\/\/sistemafaetsenar.org.br\/faet\/wp-content\/uploads\/2025\/10\/Foto-Plenaria-1-300x169.jpg 300w, https:\/\/sistemafaetsenar.org.br\/faet\/wp-content\/uploads\/2025\/10\/Foto-Plenaria-1.jpg 1600w\" sizes=\"(max-width: 780px) 100vw, 780px\" \/><\/p>\n<p align=\"justify\"><span style=\"font-family: Arial, serif;\">Integrando uma comitiva formada por cinco representantes, quatro deles vindos de sindicatos rurais, com presen\u00e7a da Presidente do Sindicato Rural de Pedro Afonso, Simone Sandri e a Presidente do Sindicato Rural de Natividade Fl\u00e1via Germendorff.<\/span><\/p>\n<p align=\"justify\"><span style=\"font-family: Arial, serif;\">A FAET atuou pela bancada dos empregadores ao lado de institui\u00e7\u00f5es como Fecom\u00e9rcio, FIETO, SINDESTO, OCB\/TO e CNT, totalizando cerca de 20 representantes do setor patronal.<\/span><\/p>\n<p align=\"justify\"><span style=\"font-family: Arial, serif;\">O encontro estadual reuniu representantes dos segmentos de trabalhadores, empregadores e governo em formato tripartite e parit\u00e1rio, com o objetivo de debater os eixos tem\u00e1ticos e construir proposi\u00e7\u00f5es que ser\u00e3o levadas \u00e0 etapa nacional em mar\u00e7o de 2026.<\/span><\/p>\n<p align=\"justify\"><span style=\"font-family: Arial, serif;\">Durante os debates, a bancada patronal movimentou as discuss\u00f5es e se posicionou a favor do Setor Produtivo.<\/span><\/p>\n<p align=\"justify\"><span style=\"font-family: Arial, serif;\">Para a FAET, a participa\u00e7\u00e3o \u00e9 estrat\u00e9gica na etapa estadual da Confer\u00eancia Nacional do Trabalho para garantir a defesa dos interesses dos empregadores rurais, fortalecer a bancada patronal e influenciar de forma t\u00e9cnica, contribuindo para o equil\u00edbrio nas decis\u00f5es que impactam diretamente as rela\u00e7\u00f5es de trabalho.<\/span><\/p>\n<p align=\"justify\"><span style=\"font-family: Arial, serif;\">Dentre as 4 propostas dos empregadores apresentadas na plen\u00e1ria da etapa estadual da confer\u00eancia nacional do trabalho, se extrai os seguintes temas:<\/span><\/p>\n<ol>\n<li>\n<p align=\"justify\"><span style=\"font-family: Arial, serif;\">Valoriza\u00e7\u00e3o da negocia\u00e7\u00e3o coletiva por meio da preval\u00eancia do negociado sobre o legislado. Isso significa que os <\/span><strong><span style=\"font-family: Arial, serif;\">acordos firmados entre empregadores e trabalhadores, por meio dos sindicatos, podem ter mais for\u00e7a do que a lei em determinados pontos<\/span><\/strong><span style=\"font-family: Arial, serif;\">. Essa medida busca dar <\/span><strong><span style=\"font-family: Arial, serif;\">mais autonomia e flexibilidade<\/span><\/strong><span style=\"font-family: Arial, serif;\"> \u00e0s rela\u00e7\u00f5es de trabalho, permitindo que sejam constru\u00eddas solu\u00e7\u00f5es adequadas \u00e0 realidade de cada setor.<\/span><\/p>\n<\/li>\n<li>\n<p align=\"justify\"><span style=\"font-family: Arial, serif;\">Implementar um programa de qualifica\u00e7\u00e3o\/requalifica\u00e7\u00e3o profissional voltado \u00e0 transi\u00e7\u00e3o justa, focado em trabalhadores impactados por mudan\u00e7as tecnol\u00f3gicas e ecol\u00f3gicas (Aprovada por ampla maioria);<\/span><\/p>\n<\/li>\n<li>\n<p align=\"justify\"><span style=\"font-family: Arial, serif;\">Programas de Incentivos fiscais e n\u00e3o fiscais para a contrata\u00e7\u00e3o de jovens em primeiro emprego e pessoas com defici\u00eancia (PcD);<\/span><\/p>\n<\/li>\n<li>\n<p align=\"justify\"><span style=\"font-family: Arial, serif;\">Formaliza\u00e7\u00e3o de trabalhadores informais, aperfei\u00e7oando programas existentes, estimulando a cria\u00e7\u00e3o de novos programas que incentivem a transi\u00e7\u00e3o para a formalidade, com redu\u00e7\u00e3o de tributos iniciais e acesso a capacita\u00e7\u00e3o.<\/span><\/p>\n<\/li>\n<\/ol>\n<p align=\"justify\"><span style=\"font-family: Arial, serif;\">Al\u00e9m das quatro propostas apresentadas pela bancada patronal, tamb\u00e9m foram aprovadas, <\/span><span style=\"font-family: Arial, serif;\"><b>por consenso<\/b><\/span><span style=\"font-family: Arial, serif;\">, outras quatro proposi\u00e7\u00f5es de car\u00e1ter tripartite, todas elas de iniciativa dos empregadores, o que evidenciou a for\u00e7a e a capacidade de articula\u00e7\u00e3o do setor produtivo nos debates.<\/span><\/p>\n<p align=\"justify\"><span style=\"font-family: Arial, serif;\">Como desdobramento, a FAET garantiu espa\u00e7o na delega\u00e7\u00e3o tocantinense que seguir\u00e1 para a etapa nacional da II Confer\u00eancia Nacional do Trabalho, que se realizar\u00e1 em mar\u00e7o de 2026, juntamente de outros tr\u00eas representantes do setor patronal, consolidando seu papel como defensora dos interesses dos empregadores, especialmente os rurais e fortalecendo a representatividade nas decis\u00f5es que ir\u00e3o nortear o futuro das rela\u00e7\u00f5es de trabalho no pa\u00eds.<\/span><\/p>\n<p align=\"justify\">\n<p align=\"center\">\n","protected":false},"excerpt":{"rendered":"<p>A Federa\u00e7\u00e3o da Agricultura e Pecu\u00e1ria do Estado do Tocantins (FAET) participou da etapa estadual da II Confer\u00eancia Nacional do Trabalho, realizada em Palmas no dia 30 de setembro de 2025. Integrando uma comitiva formada por cinco representantes, quatro deles vindos de sindicatos rurais, com presen\u00e7a da Presidente do Sindicato Rural de Pedro Afonso, Simone [&hellip;]<\/p>\n","protected":false},"author":3,"featured_media":3657,"comment_status":"open","ping_status":"open","sticky":false,"template":"","format":"standard","meta":{"kia_subtitle":"","footnotes":""},"categories":[26],"tags":[],"class_list":["post-3656","post","type-post","status-publish","format-standard","has-post-thumbnail","hentry","category-noticia-principal"],"_links":{"self":[{"href":"https:\/\/sistemafaetsenar.org.br\/faet\/wp-json\/wp\/v2\/posts\/3656"}],"collection":[{"href":"https:\/\/sistemafaetsenar.org.br\/faet\/wp-json\/wp\/v2\/posts"}],"about":[{"href":"https:\/\/sistemafaetsenar.org.br\/faet\/wp-json\/wp\/v2\/types\/post"}],"author":[{"embeddable":true,"href":"https:\/\/sistemafaetsenar.org.br\/faet\/wp-json\/wp\/v2\/users\/3"}],"replies":[{"embeddable":true,"href":"https:\/\/sistemafaetsenar.org.br\/faet\/wp-json\/wp\/v2\/comments?post=3656"}],"version-history":[{"count":0,"href":"https:\/\/sistemafaetsenar.org.br\/faet\/wp-json\/wp\/v2\/posts\/3656\/revisions"}],"wp:featuredmedia":[{"embeddable":true,"href":"https:\/\/sistemafaetsenar.org.br\/faet\/wp-json\/wp\/v2\/media\/3657"}],"wp:attachment":[{"href":"https:\/\/sistemafaetsenar.org.br\/faet\/wp-json\/wp\/v2\/media?parent=3656"}],"wp:term":[{"taxonomy":"category","embeddable":true,"href":"https:\/\/sistemafaetsenar.org.br\/faet\/wp-json\/wp\/v2\/categories?post=3656"},{"taxonomy":"post_tag","embeddable":true,"href":"https:\/\/sistemafaetsenar.org.br\/faet\/wp-json\/wp\/v2\/tags?post=3656"}],"curies":[{"name":"wp","href":"https:\/\/api.w.org\/{rel}","templated":true}]}}