{"id":3649,"date":"2025-09-25T11:32:34","date_gmt":"2025-09-25T14:32:34","guid":{"rendered":"https:\/\/sistemafaetsenar.org.br\/faet\/?p=3649"},"modified":"2025-09-25T11:32:34","modified_gmt":"2025-09-25T14:32:34","slug":"faet-participa-de-reuniao-da-frente-parlamentar-do-agro-sobre-programa-redd","status":"publish","type":"post","link":"https:\/\/sistemafaetsenar.org.br\/faet\/faet-participa-de-reuniao-da-frente-parlamentar-do-agro-sobre-programa-redd\/","title":{"rendered":"FAET participa de reuni\u00e3o da Frente Parlamentar do Agro sobre Programa REDD+"},"content":{"rendered":"<div>A Federa\u00e7\u00e3o da Agricultura e Pecu\u00e1ria do Estado do Tocantins (FAET), representada por sua assessoria t\u00e9cnica e jur\u00eddica, participou no dia 23 de setembro da reuni\u00e3o da Frente Parlamentar do Agro (FPA) na Assembleia Legislativa. O encontro teve como pauta central o Programa Jurisdicional de REDD+ e os desdobramentos do contrato firmado pelo Governo do Estado, por meio da Tocantins Parcerias, com a empresa su\u00ed\u00e7a Mercuria Energy Trading.<\/div>\n<div><\/div>\n<div><\/div>\n<div>A reuni\u00e3o contou com a presen\u00e7a de deputados estaduais, lideran\u00e7as do setor produtivo e representantes de entidades como a FAET, Aprosoja Tocantins, Associa\u00e7\u00e3o Novilho Precoce, ADSTO, OCB e diversos sindicatos rurais. Os debates foram marcados por discuss\u00f5es sobre transpar\u00eancia, governan\u00e7a e a participa\u00e7\u00e3o do setor produtivo no acompanhamento do projeto.<\/div>\n<div><\/div>\n<div><\/div>\n<div>Durante o encontro, parlamentares refor\u00e7aram alguns pontos centrais:<\/div>\n<div><\/div>\n<div><\/div>\n<div>\u2022O REDD+ n\u00e3o deve impor novas restri\u00e7\u00f5es al\u00e9m do que j\u00e1 prev\u00ea o C\u00f3digo Florestal;<\/div>\n<div>\u2022Os cr\u00e9ditos j\u00e1 contratados dizem respeito a servi\u00e7os ambientais prestados no passado pelo Tocantins, mas os pr\u00f3ximos passos exigem combater o fogo e cumprir a legisla\u00e7\u00e3o florestal vigente;<\/div>\n<div>\u2022A consulta p\u00fablica ser\u00e1 o canal para definir a aplica\u00e7\u00e3o dos recursos destinados ao setor produtivo e \u00e0s comunidades envolvidas.<\/div>\n<div><\/div>\n<div><\/div>\n<div>A assessoria da FAET destacou a necessidade de clareza no processo:<\/div>\n<div><\/div>\n<div><\/div>\n<div>\u201cQueremos o contrato para que nossa assessoria possa analisar com calma e nos dar seguran\u00e7a para nos posicionarmos sobre o assunto. O setor apoia iniciativas que valorizem nossa capacidade ambiental, mas n\u00e3o podemos aceitar riscos que comprometam o crescimento da atividade produtiva\u201d, afirmou.<\/div>\n<div><\/div>\n<div><\/div>\n<div>Outro ponto em destaque foi a entrega do Termo de Confidencialidade e Sigilo, imposto pelo Estado para que as entidades tenham acesso ao contrato com a Mercuria. A FAET demonstrou preocupa\u00e7\u00e3o com o dispositivo, j\u00e1 que o acordo trata de ativos ambientais coletivos e, por isso, deveria seguir o princ\u00edpio da publicidade dos atos da administra\u00e7\u00e3o p\u00fablica.<\/div>\n<div><\/div>\n<div><\/div>\n<div>Ao final, a FPA deliberou pela cria\u00e7\u00e3o de uma comiss\u00e3o especial para acompanhar o Programa REDD+ no Tocantins. A FAET indicar\u00e1 dois representantes para compor o grupo de trabalho, reafirmando seu compromisso em assegurar a participa\u00e7\u00e3o do setor produtivo rural nas decis\u00f5es e garantir uma reparti\u00e7\u00e3o justa e transparente dos benef\u00edcios.<\/div>\n","protected":false},"excerpt":{"rendered":"<p>A Federa\u00e7\u00e3o da Agricultura e Pecu\u00e1ria do Estado do Tocantins (FAET), representada por sua assessoria t\u00e9cnica e jur\u00eddica, participou no dia 23 de setembro da reuni\u00e3o da Frente Parlamentar do Agro (FPA) na Assembleia Legislativa. O encontro teve como pauta central o Programa Jurisdicional de REDD+ e os desdobramentos do contrato firmado pelo Governo do [&hellip;]<\/p>\n","protected":false},"author":3,"featured_media":3650,"comment_status":"open","ping_status":"open","sticky":false,"template":"","format":"standard","meta":{"kia_subtitle":"","footnotes":""},"categories":[26],"tags":[],"class_list":["post-3649","post","type-post","status-publish","format-standard","has-post-thumbnail","hentry","category-noticia-principal"],"_links":{"self":[{"href":"https:\/\/sistemafaetsenar.org.br\/faet\/wp-json\/wp\/v2\/posts\/3649"}],"collection":[{"href":"https:\/\/sistemafaetsenar.org.br\/faet\/wp-json\/wp\/v2\/posts"}],"about":[{"href":"https:\/\/sistemafaetsenar.org.br\/faet\/wp-json\/wp\/v2\/types\/post"}],"author":[{"embeddable":true,"href":"https:\/\/sistemafaetsenar.org.br\/faet\/wp-json\/wp\/v2\/users\/3"}],"replies":[{"embeddable":true,"href":"https:\/\/sistemafaetsenar.org.br\/faet\/wp-json\/wp\/v2\/comments?post=3649"}],"version-history":[{"count":0,"href":"https:\/\/sistemafaetsenar.org.br\/faet\/wp-json\/wp\/v2\/posts\/3649\/revisions"}],"wp:featuredmedia":[{"embeddable":true,"href":"https:\/\/sistemafaetsenar.org.br\/faet\/wp-json\/wp\/v2\/media\/3650"}],"wp:attachment":[{"href":"https:\/\/sistemafaetsenar.org.br\/faet\/wp-json\/wp\/v2\/media?parent=3649"}],"wp:term":[{"taxonomy":"category","embeddable":true,"href":"https:\/\/sistemafaetsenar.org.br\/faet\/wp-json\/wp\/v2\/categories?post=3649"},{"taxonomy":"post_tag","embeddable":true,"href":"https:\/\/sistemafaetsenar.org.br\/faet\/wp-json\/wp\/v2\/tags?post=3649"}],"curies":[{"name":"wp","href":"https:\/\/api.w.org\/{rel}","templated":true}]}}