{"id":3646,"date":"2025-09-24T17:39:32","date_gmt":"2025-09-24T20:39:32","guid":{"rendered":"https:\/\/sistemafaetsenar.org.br\/faet\/?p=3646"},"modified":"2025-09-24T17:39:32","modified_gmt":"2025-09-24T20:39:32","slug":"ii-expocristal-acontece-entre-25-e-27-de-setembro-em-cristalandia","status":"publish","type":"post","link":"https:\/\/sistemafaetsenar.org.br\/faet\/ii-expocristal-acontece-entre-25-e-27-de-setembro-em-cristalandia\/","title":{"rendered":"II ExpoCristal acontece entre 25 e 27 de setembro em Cristal\u00e2ndia"},"content":{"rendered":"<p><span style=\"font-weight: 400;\">O munic\u00edpio de Cristal\u00e2ndia se prepara para receber a II ExpoCristal. O evento ser\u00e1 realizado no Parque de Exposi\u00e7\u00f5es do Sindicato Rural de Cristal\u00e2ndia e Santa Rita e deve reunir p\u00fablico de diferentes munic\u00edpios em torno da cultura, do agroneg\u00f3cio e do entretenimento.<\/span><\/p>\n<p>&nbsp;<\/p>\n<p><span style=\"font-weight: 400;\">O evento combina atra\u00e7\u00f5es tradicionais do campo com atividades culturais. Est\u00e3o confirmados o rodeio, exposi\u00e7\u00e3o de produtos da agroind\u00fastria local, o concurso Garota Expo e a tradicional cavalgada, marcada para o dia 27, s\u00e1bado, que deve reunir cavaleiros e amazonas em um passeio que celebra a identidade rural do munic\u00edpio.<\/span><\/p>\n<p>&nbsp;<\/p>\n<p><span style=\"font-weight: 400;\">No palco, a programa\u00e7\u00e3o musical acontecer\u00e1 em todas as noites: no dia 25\/09 (quinta-feira) se apresentam Victor Senna &amp; Gabriel e Jeito Muleke; em 26\/09 (sexta-feira), \u00e9 a vez de Joan Alessandro e Diluca &amp; Raphael; e o encerramento, em 27\/09 (s\u00e1bado), ficar\u00e1 por conta de Pedro C\u00e9sar e Fl\u00e1vio do Acordeon.<\/span><\/p>\n<p>&nbsp;<\/p>\n<p><span style=\"font-weight: 400;\">Al\u00e9m do entretenimento, a feira tem car\u00e1ter estrat\u00e9gico para o agroneg\u00f3cio tocantinense. A expectativa \u00e9 que a II ExpoCristal amplie oportunidades de neg\u00f3cios, fortale\u00e7a cadeias produtivas locais e fomente o turismo rural, refor\u00e7ando a import\u00e2ncia da regi\u00e3o no cen\u00e1rio estadual.<\/span><\/p>\n<p>&nbsp;<\/p>\n<p><span style=\"font-weight: 400;\">A ExpoCristal 2025 \u00e9 uma realiza\u00e7\u00e3o do Sindicato Rural de Cristal\u00e2ndia, com apoio do Sistema FAET\/Senar\/Sindicatos, da Secretaria Estadual da Ind\u00fastria, Com\u00e9rcio e Servi\u00e7os, da Secretaria Estadual do Turismo, do Conselho de Desenvolvimento Econ\u00f4mico do Estado (CDE), do Programa de Impulsionamento da Ind\u00fastria, Com\u00e9rcio e Servi\u00e7os (PICS) e do Governo do Tocantins.<\/span><\/p>\n","protected":false},"excerpt":{"rendered":"<p>O munic\u00edpio de Cristal\u00e2ndia se prepara para receber a II ExpoCristal. O evento ser\u00e1 realizado no Parque de Exposi\u00e7\u00f5es do Sindicato Rural de Cristal\u00e2ndia e Santa Rita e deve reunir p\u00fablico de diferentes munic\u00edpios em torno da cultura, do agroneg\u00f3cio e do entretenimento. &nbsp; O evento combina atra\u00e7\u00f5es tradicionais do campo com atividades culturais. Est\u00e3o [&hellip;]<\/p>\n","protected":false},"author":7,"featured_media":3647,"comment_status":"open","ping_status":"open","sticky":false,"template":"","format":"standard","meta":{"kia_subtitle":"","footnotes":""},"categories":[16,26],"tags":[148,149,150],"class_list":["post-3646","post","type-post","status-publish","format-standard","has-post-thumbnail","hentry","category-feiras-e-eventos","category-noticia-principal","tag-expocristal","tag-iiexpocristal","tag-sindicatoruraldecristalandia"],"_links":{"self":[{"href":"https:\/\/sistemafaetsenar.org.br\/faet\/wp-json\/wp\/v2\/posts\/3646"}],"collection":[{"href":"https:\/\/sistemafaetsenar.org.br\/faet\/wp-json\/wp\/v2\/posts"}],"about":[{"href":"https:\/\/sistemafaetsenar.org.br\/faet\/wp-json\/wp\/v2\/types\/post"}],"author":[{"embeddable":true,"href":"https:\/\/sistemafaetsenar.org.br\/faet\/wp-json\/wp\/v2\/users\/7"}],"replies":[{"embeddable":true,"href":"https:\/\/sistemafaetsenar.org.br\/faet\/wp-json\/wp\/v2\/comments?post=3646"}],"version-history":[{"count":0,"href":"https:\/\/sistemafaetsenar.org.br\/faet\/wp-json\/wp\/v2\/posts\/3646\/revisions"}],"wp:featuredmedia":[{"embeddable":true,"href":"https:\/\/sistemafaetsenar.org.br\/faet\/wp-json\/wp\/v2\/media\/3647"}],"wp:attachment":[{"href":"https:\/\/sistemafaetsenar.org.br\/faet\/wp-json\/wp\/v2\/media?parent=3646"}],"wp:term":[{"taxonomy":"category","embeddable":true,"href":"https:\/\/sistemafaetsenar.org.br\/faet\/wp-json\/wp\/v2\/categories?post=3646"},{"taxonomy":"post_tag","embeddable":true,"href":"https:\/\/sistemafaetsenar.org.br\/faet\/wp-json\/wp\/v2\/tags?post=3646"}],"curies":[{"name":"wp","href":"https:\/\/api.w.org\/{rel}","templated":true}]}}