{"id":3641,"date":"2025-09-24T09:04:22","date_gmt":"2025-09-24T12:04:22","guid":{"rendered":"https:\/\/sistemafaetsenar.org.br\/faet\/?p=3641"},"modified":"2025-09-24T09:04:22","modified_gmt":"2025-09-24T12:04:22","slug":"sistema-faet-senar-leva-comitiva-de-58-participantes-ao-conacarne","status":"publish","type":"post","link":"https:\/\/sistemafaetsenar.org.br\/faet\/sistema-faet-senar-leva-comitiva-de-58-participantes-ao-conacarne\/","title":{"rendered":"Sistema Faet\/Senar leva comitiva de 58 participantes ao Conacarne"},"content":{"rendered":"<p>O Sistema Faet\/Senar marcou presen\u00e7a na abertura do Conacarne, o maior evento da pecu\u00e1ria de corte brasileira, promovido pela CNA (Confedera\u00e7\u00e3o de Agricultura e Pecu\u00e1ria do Brasil) e FAEMG (Federa\u00e7\u00e3o da Agricultura e Pecu\u00e1ria de Minas Gerias).<\/p>\n<p>&nbsp;<\/p>\n<p><img fetchpriority=\"high\" decoding=\"async\" class=\"alignnone wp-image-3643 size-large\" src=\"https:\/\/sistemafaetsenar.org.br\/faet\/wp-content\/uploads\/2025\/09\/WhatsApp-Image-2025-09-24-at-09.01.53-1024x768.jpeg\" alt=\"\" width=\"780\" height=\"585\" srcset=\"https:\/\/sistemafaetsenar.org.br\/faet\/wp-content\/uploads\/2025\/09\/WhatsApp-Image-2025-09-24-at-09.01.53-1024x768.jpeg 1024w, https:\/\/sistemafaetsenar.org.br\/faet\/wp-content\/uploads\/2025\/09\/WhatsApp-Image-2025-09-24-at-09.01.53-300x225.jpeg 300w, https:\/\/sistemafaetsenar.org.br\/faet\/wp-content\/uploads\/2025\/09\/WhatsApp-Image-2025-09-24-at-09.01.53.jpeg 1600w\" sizes=\"(max-width: 780px) 100vw, 780px\" \/><\/p>\n<p>&nbsp;<\/p>\n<p>Com uma comitiva de 58 participantes, entre produtores rurais, t\u00e9cnicos de campo, instrutores, assessores t\u00e9cnicos e jornalistas convidados, o Sistema FAET\/Senar entende que a iniciativa \u00e9 estrat\u00e9gica para o Tocantins.<\/p>\n<p>&nbsp;<\/p>\n<p>\u201cTrouxemos a maior delega\u00e7\u00e3o dos estados por entender que a pecu\u00e1ria \u00e9 extremamente importante para a nossa economia. E tamb\u00e9m porque precisamos avan\u00e7ar cada vez mais para ser uma refer\u00eancia no setor\u201d. As palavras s\u00e3o do presidente do Sistema FAET\/Senar, Paulo Carneiro.<\/p>\n<p>&nbsp;<\/p>\n<p>O evento reuniu lideran\u00e7as do setor e autoridades nacionais para debater os desafios e as oportunidades da cadeia produtiva da carne.<\/p>\n<p>&nbsp;<\/p>\n<p>Na abertura, o presidente do Sistema CNA\/Senar, Jo\u00e3o Martins, ressaltou a urg\u00eancia de melhor remunera\u00e7\u00e3o ao produtor. \u201cDe que adianta termos o maior rebanho se n\u00e3o recebemos por isso? Precisamos encontrar uma forma de valorizar nossa carne da mesma maneira que fazem os EUA e a Austr\u00e1lia\u201d, disse.<\/p>\n<p>&nbsp;<\/p>\n<p><img decoding=\"async\" class=\"alignnone wp-image-3644 size-large\" src=\"https:\/\/sistemafaetsenar.org.br\/faet\/wp-content\/uploads\/2025\/09\/WhatsApp-Image-2025-09-24-at-09.01.54-1024x682.jpeg\" alt=\"\" width=\"780\" height=\"519\" srcset=\"https:\/\/sistemafaetsenar.org.br\/faet\/wp-content\/uploads\/2025\/09\/WhatsApp-Image-2025-09-24-at-09.01.54-1024x682.jpeg 1024w, https:\/\/sistemafaetsenar.org.br\/faet\/wp-content\/uploads\/2025\/09\/WhatsApp-Image-2025-09-24-at-09.01.54-300x200.jpeg 300w, https:\/\/sistemafaetsenar.org.br\/faet\/wp-content\/uploads\/2025\/09\/WhatsApp-Image-2025-09-24-at-09.01.54.jpeg 1280w\" sizes=\"(max-width: 780px) 100vw, 780px\" \/><\/p>\n<p>&nbsp;<\/p>\n<p>J\u00e1 presidente do Sistema FAEMG\/Senar, Ant\u00f4nio de Salvo, destacou que a pecu\u00e1ria de precis\u00e3o n\u00e3o \u00e9 mais tend\u00eancia, mas necessidade, e defendeu maior uso de tecnologia e gest\u00e3o no campo, seguindo o exemplo da agricultura. \u201cO mercado est\u00e1 \u00e1vido pela carne brasileira. Ningu\u00e9m segura a pecu\u00e1ria nacional. Viva o produtor rural!\u201d, afirmou.<\/p>\n<p>&nbsp;<\/p>\n<p>Na mesma linha, o presidente da ABCZ, Gabriel Cid, refor\u00e7ou que o Brasil apesar dos desafios vai continuar abrindo mercado para a carne como o asi\u00e1tico, em especial o Jap\u00e3o e a Coreia do Sul. Mas reformou: \u201cconquistamos espa\u00e7o no mercado pela quantidade, agora a pecu\u00e1ria deve se firmar pela qualidade\u201d.<\/p>\n<p>&nbsp;<\/p>\n<p>O secret\u00e1rio de Agricultura de Minas Gerais, Thales Fernandes, lembrou que o estado \u00e9 um dos protagonistas do setor, e que o os produtores agropecu\u00e1rios superaram a minera\u00e7\u00e3o em volume de exporta\u00e7\u00e3o. Para ele, o desafio da carne brasileira \u00e9 de se firmar no campo sanit\u00e1rio.<\/p>\n<p>&nbsp;<\/p>\n<p>A senadora e ex-ministra da Agricultura, Tereza Cristina, refor\u00e7ou o avan\u00e7o da carne brasileira, que j\u00e1 apresenta n\u00edveis de marmoreio compar\u00e1veis ao padr\u00e3o europeu. Ela comentou sobre as barreiras comerciais impostas pelos EUA. \u201cVivemos um momento dif\u00edcil com o tarifa\u00e7\u00e3o de ce mais de 75% sobre a carne brasileira. Mas n\u00e3o devemos desanimar, isso vai passar. Os Estados Unidos precisam da nossa carne\u201d, disse.<\/p>\n<p>&nbsp;<\/p>\n<p>J\u00e1 o governador de Minas Gerais, Romeu Zema, ressaltou a contribui\u00e7\u00e3o do agro para a economia mineira e destacou a\u00e7\u00f5es do governo estadual em apoio ao setor, como o refor\u00e7o da seguran\u00e7a no campo, melhoria no fornecimento de energia e simplifica\u00e7\u00e3o da legisla\u00e7\u00e3o ambiental. \u201cMinas j\u00e1 foi refer\u00eancia em entraves, agora queremos ser refer\u00eancia em efici\u00eancia\u201d, afirmou.<\/p>\n<p>&nbsp;<\/p>\n<p>O Conacarne segue com debates voltados ao fortalecimento da pecu\u00e1ria brasileira, com foco em qualidade, sanidade, tecnologia e abertura de novos mercados.<br \/>\nA delega\u00e7\u00e3o do Sistema FAET\/Senar tem o apoio do Minist\u00e9rio da Agricultura e Pecu\u00e1ria &#8211; MAPA e do Governo Federal.<\/p>\n","protected":false},"excerpt":{"rendered":"<p>O Sistema Faet\/Senar marcou presen\u00e7a na abertura do Conacarne, o maior evento da pecu\u00e1ria de corte brasileira, promovido pela CNA (Confedera\u00e7\u00e3o de Agricultura e Pecu\u00e1ria do Brasil) e FAEMG (Federa\u00e7\u00e3o da Agricultura e Pecu\u00e1ria de Minas Gerias). &nbsp; &nbsp; Com uma comitiva de 58 participantes, entre produtores rurais, t\u00e9cnicos de campo, instrutores, assessores t\u00e9cnicos e [&hellip;]<\/p>\n","protected":false},"author":3,"featured_media":3642,"comment_status":"open","ping_status":"open","sticky":false,"template":"","format":"standard","meta":{"kia_subtitle":"","footnotes":""},"categories":[26],"tags":[],"class_list":["post-3641","post","type-post","status-publish","format-standard","has-post-thumbnail","hentry","category-noticia-principal"],"_links":{"self":[{"href":"https:\/\/sistemafaetsenar.org.br\/faet\/wp-json\/wp\/v2\/posts\/3641"}],"collection":[{"href":"https:\/\/sistemafaetsenar.org.br\/faet\/wp-json\/wp\/v2\/posts"}],"about":[{"href":"https:\/\/sistemafaetsenar.org.br\/faet\/wp-json\/wp\/v2\/types\/post"}],"author":[{"embeddable":true,"href":"https:\/\/sistemafaetsenar.org.br\/faet\/wp-json\/wp\/v2\/users\/3"}],"replies":[{"embeddable":true,"href":"https:\/\/sistemafaetsenar.org.br\/faet\/wp-json\/wp\/v2\/comments?post=3641"}],"version-history":[{"count":0,"href":"https:\/\/sistemafaetsenar.org.br\/faet\/wp-json\/wp\/v2\/posts\/3641\/revisions"}],"wp:featuredmedia":[{"embeddable":true,"href":"https:\/\/sistemafaetsenar.org.br\/faet\/wp-json\/wp\/v2\/media\/3642"}],"wp:attachment":[{"href":"https:\/\/sistemafaetsenar.org.br\/faet\/wp-json\/wp\/v2\/media?parent=3641"}],"wp:term":[{"taxonomy":"category","embeddable":true,"href":"https:\/\/sistemafaetsenar.org.br\/faet\/wp-json\/wp\/v2\/categories?post=3641"},{"taxonomy":"post_tag","embeddable":true,"href":"https:\/\/sistemafaetsenar.org.br\/faet\/wp-json\/wp\/v2\/tags?post=3641"}],"curies":[{"name":"wp","href":"https:\/\/api.w.org\/{rel}","templated":true}]}}