{"id":3634,"date":"2025-09-23T17:22:54","date_gmt":"2025-09-23T20:22:54","guid":{"rendered":"https:\/\/sistemafaetsenar.org.br\/faet\/?p=3634"},"modified":"2025-09-23T17:25:17","modified_gmt":"2025-09-23T20:25:17","slug":"expopeixe-2025-movimenta-municipio-e-fortalece-o-agronegocio-tocantinense","status":"publish","type":"post","link":"https:\/\/sistemafaetsenar.org.br\/faet\/expopeixe-2025-movimenta-municipio-e-fortalece-o-agronegocio-tocantinense\/","title":{"rendered":"ExpoPeixe 2025 movimenta munic\u00edpio e fortalece o agroneg\u00f3cio tocantinense"},"content":{"rendered":"<p><span style=\"font-weight: 400;\">Com rodeio, cavalgada, show pirot\u00e9cnico e queima de fogos, a ExpoPeixe 2025 atraiu um p\u00fablico de mais de 6 mil pessoas, confirmando a for\u00e7a do evento no calend\u00e1rio regional.<\/span><\/p>\n<p>&nbsp;<\/p>\n<p><span style=\"font-weight: 400;\">\u201cGratid\u00e3o \u00e9 a palavra, nossa feira \u00e9 com certeza um evento esperado o ano inteiro por todos n\u00f3s. Hoje o que vejo aqui \u00e9 resultado de muito trabalho, for\u00e7a e uni\u00e3o. Agrade\u00e7o ao presidente Paulo Carneiro, que n\u00e3o mediu esfor\u00e7os em nos ajudar, nosso evento \u00e9 feito de parcerias, e por isso est\u00e1 sendo realizada.\u201d Refor\u00e7ou o presidente do Sindicato Rural de Peixes, Pedro Prevedello.<\/span><\/p>\n<p>&nbsp;<\/p>\n<p><span style=\"font-weight: 400;\">A programa\u00e7\u00e3o deste ano contou com a escolha da Rainha ExpoPeixe 2025, Garota Expo, Garota do Rodeio e Garota Simpatia. Tamb\u00e9m teve rodeio e a tradicional cavalgada, que reuniu cavaleiros e amazonas para percorrer a regi\u00e3o de Peixes. O momento contou com uma homenagem ao senhor Leurimar Viana da Costa, o \u201cMarrom\u201d, parceiro do Sindicato, seguida de um churrasco de confraterniza\u00e7\u00e3o.<\/span><\/p>\n<p>&nbsp;<\/p>\n<p><span style=\"font-weight: 400;\">As atra\u00e7\u00f5es musicais foram destaque: Kassic\u00f3 &amp; Manu Batid\u00e3o, Banda Encantus, Cleber &amp; Cauan e DJ Paula, Sing Live e Marcelo &amp; Raiane, e no encerramento, Matt\u00e3o &amp; Monteiro e Thiago Jhonathan.<\/span><\/p>\n<p>&nbsp;<\/p>\n<p><span style=\"font-weight: 400;\">Reunindo produtores rurais, expositores, autoridades e visitantes, a feira movimentou a economia local, fortalecendo o agroneg\u00f3cio e proporcionando momentos de lazer e integra\u00e7\u00e3o para toda a comunidade.<\/span><\/p>\n<p>&nbsp;<\/p>\n<p><span style=\"font-weight: 400;\">ExpoPeixe 2025 \u00e9 uma parceria do Sindicato Rural de Peixe com a FAET, Senar Tocantins e com apoio da Secretaria Estadual da Ind\u00fastria, Com\u00e9rcio e Servi\u00e7os, Secretaria Estadual do Turismo, Conselho de Desenvolvimento Econ\u00f4mico (CDE), Programa de Impulsionamento da Ind\u00fastria, Com\u00e9rcio e Servi\u00e7os (PICS) e do Governo do Tocantins. O Agroforte \u00e9 uma iniciativa da FAET, SENAR, Sindicato Rural,\u00a0 com o apoio do Minist\u00e9rio da Agricultura e Pecu\u00e1ria (MAPA) e Governo Federal (TF 956148-2024)<\/span><\/p>\n<p>&nbsp;<\/p>\n<p>&nbsp;<\/p>\n","protected":false},"excerpt":{"rendered":"<p>Com rodeio, cavalgada, show pirot\u00e9cnico e queima de fogos, a ExpoPeixe 2025 atraiu um p\u00fablico de mais de 6 mil pessoas, confirmando a for\u00e7a do evento no calend\u00e1rio regional. &nbsp; \u201cGratid\u00e3o \u00e9 a palavra, nossa feira \u00e9 com certeza um evento esperado o ano inteiro por todos n\u00f3s. Hoje o que vejo aqui \u00e9 resultado [&hellip;]<\/p>\n","protected":false},"author":7,"featured_media":3635,"comment_status":"open","ping_status":"open","sticky":false,"template":"","format":"standard","meta":{"kia_subtitle":"","footnotes":""},"categories":[16,26,58],"tags":[146,147],"class_list":["post-3634","post","type-post","status-publish","format-standard","has-post-thumbnail","hentry","category-feiras-e-eventos","category-noticia-principal","category-sindicato-rural","tag-expopeixes","tag-sindicato-rural-de-peixes"],"_links":{"self":[{"href":"https:\/\/sistemafaetsenar.org.br\/faet\/wp-json\/wp\/v2\/posts\/3634"}],"collection":[{"href":"https:\/\/sistemafaetsenar.org.br\/faet\/wp-json\/wp\/v2\/posts"}],"about":[{"href":"https:\/\/sistemafaetsenar.org.br\/faet\/wp-json\/wp\/v2\/types\/post"}],"author":[{"embeddable":true,"href":"https:\/\/sistemafaetsenar.org.br\/faet\/wp-json\/wp\/v2\/users\/7"}],"replies":[{"embeddable":true,"href":"https:\/\/sistemafaetsenar.org.br\/faet\/wp-json\/wp\/v2\/comments?post=3634"}],"version-history":[{"count":0,"href":"https:\/\/sistemafaetsenar.org.br\/faet\/wp-json\/wp\/v2\/posts\/3634\/revisions"}],"wp:featuredmedia":[{"embeddable":true,"href":"https:\/\/sistemafaetsenar.org.br\/faet\/wp-json\/wp\/v2\/media\/3635"}],"wp:attachment":[{"href":"https:\/\/sistemafaetsenar.org.br\/faet\/wp-json\/wp\/v2\/media?parent=3634"}],"wp:term":[{"taxonomy":"category","embeddable":true,"href":"https:\/\/sistemafaetsenar.org.br\/faet\/wp-json\/wp\/v2\/categories?post=3634"},{"taxonomy":"post_tag","embeddable":true,"href":"https:\/\/sistemafaetsenar.org.br\/faet\/wp-json\/wp\/v2\/tags?post=3634"}],"curies":[{"name":"wp","href":"https:\/\/api.w.org\/{rel}","templated":true}]}}