{"id":3619,"date":"2025-09-17T15:36:25","date_gmt":"2025-09-17T18:36:25","guid":{"rendered":"https:\/\/sistemafaetsenar.org.br\/faet\/?p=3619"},"modified":"2025-09-17T15:36:25","modified_gmt":"2025-09-17T18:36:25","slug":"agroforte-em-paraiso-destaca-gestao-financeira-no-campo","status":"publish","type":"post","link":"https:\/\/sistemafaetsenar.org.br\/faet\/agroforte-em-paraiso-destaca-gestao-financeira-no-campo\/","title":{"rendered":"AGROFORTE EM PARA\u00cdSO DESTACA GEST\u00c3O FINANCEIRA NO CAMPO"},"content":{"rendered":"<p>O Agroforte em Para\u00edso movimentou a programa\u00e7\u00e3o da FENEVA, em uma realiza\u00e7\u00e3o do Sindicato Rural do munic\u00edpio em parceria com o Senar. O evento trouxe uma programa\u00e7\u00e3o diversificada, voltada a produtores rurais, jovens e mulheres do agro.<\/p>\n<p>Entre os destaques, o palestrante Dudu Carmo ressaltou a import\u00e2ncia da organiza\u00e7\u00e3o financeira para o sucesso no campo:<br \/>\n\u201cAtrav\u00e9s da organiza\u00e7\u00e3o financeira \u00e9 poss\u00edvel ter dias melhores na sua administra\u00e7\u00e3o\u201d, afirmou.<\/p>\n<p>&nbsp;<\/p>\n<p><img fetchpriority=\"high\" decoding=\"async\" class=\" wp-image-3621 alignleft\" src=\"https:\/\/sistemafaetsenar.org.br\/faet\/wp-content\/uploads\/2025\/09\/IMG_8273-300x200.jpg\" alt=\"\" width=\"566\" height=\"377\" srcset=\"https:\/\/sistemafaetsenar.org.br\/faet\/wp-content\/uploads\/2025\/09\/IMG_8273-300x200.jpg 300w, https:\/\/sistemafaetsenar.org.br\/faet\/wp-content\/uploads\/2025\/09\/IMG_8273-1024x683.jpg 1024w, https:\/\/sistemafaetsenar.org.br\/faet\/wp-content\/uploads\/2025\/09\/IMG_8273.jpg 1920w\" sizes=\"(max-width: 566px) 100vw, 566px\" \/><\/p>\n<p>&nbsp;<\/p>\n<p>&nbsp;<\/p>\n<p>&nbsp;<\/p>\n<p>&nbsp;<\/p>\n<p>&nbsp;<\/p>\n<p>&nbsp;<\/p>\n<p>&nbsp;<\/p>\n<p>&nbsp;<\/p>\n<p>&nbsp;<\/p>\n<p>&nbsp;<\/p>\n<p>&nbsp;<\/p>\n<p>&nbsp;<\/p>\n<p>\u201cResponsabilidade financeira \u00e9 fundamental. Nem tudo que a gente acha bonito talvez seja necess\u00e1rio no momento. Por isso \u00e9 importante ter prioridades\u201d. Disse Idalina, participante do evento.<\/p>\n<p>Para o presidente da ACIP, Roberto Bandeira, a parceria foi essencial para o sucesso da iniciativa:<br \/>\n\u201cO Senar \u00e9 um grande parceiro. Meu agradecimento ao Paulo Carneiro e toda a sua equipe, que possibilitaram a difus\u00e3o de conhecimento durante a feira\u201d.<\/p>\n<p>&nbsp;<\/p>\n<p><img decoding=\"async\" class=\" wp-image-3629 alignleft\" src=\"https:\/\/sistemafaetsenar.org.br\/faet\/wp-content\/uploads\/2025\/09\/IMG_8276-1-300x169.jpg\" alt=\"\" width=\"590\" height=\"332\" srcset=\"https:\/\/sistemafaetsenar.org.br\/faet\/wp-content\/uploads\/2025\/09\/IMG_8276-1-300x169.jpg 300w, https:\/\/sistemafaetsenar.org.br\/faet\/wp-content\/uploads\/2025\/09\/IMG_8276-1-1024x576.jpg 1024w, https:\/\/sistemafaetsenar.org.br\/faet\/wp-content\/uploads\/2025\/09\/IMG_8276-1.jpg 1920w\" sizes=\"(max-width: 590px) 100vw, 590px\" \/><\/p>\n<p>&nbsp;<\/p>\n<p><a href=\"https:\/\/sistemafaetsenar.org.br\/faet\/wp-content\/uploads\/2025\/09\/IMG_8196.heic\"><img decoding=\"async\" class=\"aligncenter size-full wp-image-3622\" src=\"https:\/\/sistemafaetsenar.org.br\/faet\/wp-content\/uploads\/2025\/09\/IMG_8196.heic\" alt=\"\" \/><\/a><\/p>\n<p><img decoding=\"async\" class=\"aligncenter size-full wp-image-3622\" src=\"https:\/\/sistemafaetsenar.org.br\/faet\/wp-content\/uploads\/2025\/09\/IMG_8196.heic\" alt=\"\" \/><\/p>\n<p>&nbsp;<\/p>\n<p>&nbsp;<\/p>\n<p>&nbsp;<\/p>\n<p>&nbsp;<\/p>\n<p>&nbsp;<\/p>\n<p>&nbsp;<\/p>\n<p>&nbsp;<\/p>\n<p>&nbsp;<\/p>\n<p>&nbsp;<\/p>\n<p>O Agroforte \u00e9 uma iniciativa da FAET, SENAR, Sindicato Rural de Para\u00edso, com o apoio do Minist\u00e9rio da Agricultura e Pecu\u00e1ria (MAPA) e Governo Federal (TF 956148-2024)<\/p>\n","protected":false},"excerpt":{"rendered":"<p>O Agroforte em Para\u00edso movimentou a programa\u00e7\u00e3o da FENEVA, em uma realiza\u00e7\u00e3o do Sindicato Rural do munic\u00edpio em parceria com o Senar. O evento trouxe uma programa\u00e7\u00e3o diversificada, voltada a produtores rurais, jovens e mulheres do agro. Entre os destaques, o palestrante Dudu Carmo ressaltou a import\u00e2ncia da organiza\u00e7\u00e3o financeira para o sucesso no campo: [&hellip;]<\/p>\n","protected":false},"author":7,"featured_media":3631,"comment_status":"open","ping_status":"open","sticky":false,"template":"","format":"standard","meta":{"kia_subtitle":"","footnotes":""},"categories":[1],"tags":[],"class_list":["post-3619","post","type-post","status-publish","format-standard","has-post-thumbnail","hentry","category-blog"],"_links":{"self":[{"href":"https:\/\/sistemafaetsenar.org.br\/faet\/wp-json\/wp\/v2\/posts\/3619"}],"collection":[{"href":"https:\/\/sistemafaetsenar.org.br\/faet\/wp-json\/wp\/v2\/posts"}],"about":[{"href":"https:\/\/sistemafaetsenar.org.br\/faet\/wp-json\/wp\/v2\/types\/post"}],"author":[{"embeddable":true,"href":"https:\/\/sistemafaetsenar.org.br\/faet\/wp-json\/wp\/v2\/users\/7"}],"replies":[{"embeddable":true,"href":"https:\/\/sistemafaetsenar.org.br\/faet\/wp-json\/wp\/v2\/comments?post=3619"}],"version-history":[{"count":0,"href":"https:\/\/sistemafaetsenar.org.br\/faet\/wp-json\/wp\/v2\/posts\/3619\/revisions"}],"wp:featuredmedia":[{"embeddable":true,"href":"https:\/\/sistemafaetsenar.org.br\/faet\/wp-json\/wp\/v2\/media\/3631"}],"wp:attachment":[{"href":"https:\/\/sistemafaetsenar.org.br\/faet\/wp-json\/wp\/v2\/media?parent=3619"}],"wp:term":[{"taxonomy":"category","embeddable":true,"href":"https:\/\/sistemafaetsenar.org.br\/faet\/wp-json\/wp\/v2\/categories?post=3619"},{"taxonomy":"post_tag","embeddable":true,"href":"https:\/\/sistemafaetsenar.org.br\/faet\/wp-json\/wp\/v2\/tags?post=3619"}],"curies":[{"name":"wp","href":"https:\/\/api.w.org\/{rel}","templated":true}]}}