{"id":3613,"date":"2025-09-16T18:42:00","date_gmt":"2025-09-16T21:42:00","guid":{"rendered":"https:\/\/sistemafaetsenar.org.br\/faet\/?p=3613"},"modified":"2025-09-16T18:42:00","modified_gmt":"2025-09-16T21:42:00","slug":"evento-do-senar-e-parceiros-debateu-novidades-e-tendencias-em-reproducao-bovina","status":"publish","type":"post","link":"https:\/\/sistemafaetsenar.org.br\/faet\/evento-do-senar-e-parceiros-debateu-novidades-e-tendencias-em-reproducao-bovina\/","title":{"rendered":"Evento do Senar e parceiros debateu novidades e tend\u00eancias em reprodu\u00e7\u00e3o bovina"},"content":{"rendered":"<p>O 7\u00ba Simp\u00f3sio de Reprodu\u00e7\u00e3o Bovina (SRB), um dos principais eventos do setor no pa\u00eds atraiu mais de 500 participantes que lotaram o audit\u00f3rio da Ulbra em Palmas. Realizado pelo Senar Tocantins, Clivar Reprodu\u00e7\u00e3o Bovina e MSD Sa\u00fade Animal, o evento reuniu produtores rurais, profissionais do setor, estudantes e representantes de empresas e institui\u00e7\u00f5es.<\/p>\n<p>&nbsp;<\/p>\n<p>Um dos pontos altos foi a participa\u00e7\u00e3o do professor da USP, Pietro Baruselli, que fez uma abordagem das particularidades dos programas de Insemina\u00e7\u00e3o Artificial em Tempo Fixo (IATF) em novilhas zebu\u00ednas, destacando os avan\u00e7os e desafios no manejo reprodutivo.<\/p>\n<p>&nbsp;<\/p>\n<p>Considerado o \u201cpai da IATF\u201d, ele destacou que o grande desafio da pecu\u00e1ria brasileira est\u00e1 em melhorar a efici\u00eancia de bezerros por matrizes em idade reprodutiva. \u201cConcorrentes como EUA, Europa tem taxas de desmame pr\u00f3ximo de 80% e n\u00f3s estamos chegando a 60% ainda. Veja como temos que otimizar, n\u00e3o s\u00f3 em quantidade, mas tamb\u00e9m em qualidade e isso se faz com tecnologia, a exemplo da IATF\u201d, destacou.<\/p>\n<p>&nbsp;<\/p>\n<p>Al\u00e9m de palestras, o Simp\u00f3sio abriu espa\u00e7o para compartilhamento de experi\u00eancias de sucesso. Para o produtor Renato Pontes, da Pontes Agropecu\u00e1ria, que participou da mesa redonda, \u201choje, quem pensa em se manter no neg\u00f3cio, que quer uma rentabilidade interessante, produzir cada dia mais e melhor, tem que buscar tecnologia, independente do ramo na pecu\u00e1ria\u201d.<\/p>\n<p>&nbsp;<\/p>\n<p>O simp\u00f3sio teve ainda discuss\u00e3o sobre estrat\u00e9gias para maximizar a efici\u00eancia reprodutiva em novilhas, alinhando aspectos fisiol\u00f3gicos e sanit\u00e1rios que impactam nos resultados, com Rodolgo Mingoti. E tamb\u00e9m uma participa\u00e7\u00e3o internacional, do argentino Gabriel A. B\u00f3, refer\u00eancia em reprodu\u00e7\u00e3o bovina, que fez uma reflex\u00e3o sobre as decis\u00f5es profissionais de maior impacto nos programas de IATF para vacas paridas.<\/p>\n<p>Isabella Cavalcante falou de tend\u00eancias e perspectivas da pecu\u00e1ria de corte, apontando cen\u00e1rios de consumo, exporta\u00e7\u00e3o e desafios regulat\u00f3rios. E o m\u00e9dico-veterin\u00e1rio M\u00e1rcio de Oliveira Rezende destacou o papel da identifica\u00e7\u00e3o individual bov\u00eddea como ferramenta de sanidade, enquanto que Luciano Lobo tratou da import\u00e2ncia da rastreabilidade, que agrega valor e abre novas oportunidades comerciais.<\/p>\n<p>&nbsp;<\/p>\n<p><img fetchpriority=\"high\" decoding=\"async\" class=\"aligncenter size-medium wp-image-3614\" src=\"https:\/\/sistemafaetsenar.org.br\/faet\/wp-content\/uploads\/2025\/09\/WhatsApp-Image-2025-09-16-at-18.32.36-300x225.jpeg\" alt=\"\" width=\"300\" height=\"225\" srcset=\"https:\/\/sistemafaetsenar.org.br\/faet\/wp-content\/uploads\/2025\/09\/WhatsApp-Image-2025-09-16-at-18.32.36-300x225.jpeg 300w, https:\/\/sistemafaetsenar.org.br\/faet\/wp-content\/uploads\/2025\/09\/WhatsApp-Image-2025-09-16-at-18.32.36-1024x768.jpeg 1024w, https:\/\/sistemafaetsenar.org.br\/faet\/wp-content\/uploads\/2025\/09\/WhatsApp-Image-2025-09-16-at-18.32.36.jpeg 1600w\" sizes=\"(max-width: 300px) 100vw, 300px\" \/><\/p>\n<p><img decoding=\"async\" class=\"aligncenter size-medium wp-image-3616\" src=\"https:\/\/sistemafaetsenar.org.br\/faet\/wp-content\/uploads\/2025\/09\/WhatsApp-Image-2025-09-16-at-18.31.51-1-300x169.jpeg\" alt=\"\" width=\"300\" height=\"169\" srcset=\"https:\/\/sistemafaetsenar.org.br\/faet\/wp-content\/uploads\/2025\/09\/WhatsApp-Image-2025-09-16-at-18.31.51-1-300x169.jpeg 300w, https:\/\/sistemafaetsenar.org.br\/faet\/wp-content\/uploads\/2025\/09\/WhatsApp-Image-2025-09-16-at-18.31.51-1-1024x576.jpeg 1024w, https:\/\/sistemafaetsenar.org.br\/faet\/wp-content\/uploads\/2025\/09\/WhatsApp-Image-2025-09-16-at-18.31.51-1.jpeg 1280w\" sizes=\"(max-width: 300px) 100vw, 300px\" \/><\/p>\n","protected":false},"excerpt":{"rendered":"<p>O 7\u00ba Simp\u00f3sio de Reprodu\u00e7\u00e3o Bovina (SRB), um dos principais eventos do setor no pa\u00eds atraiu mais de 500 participantes que lotaram o audit\u00f3rio da Ulbra em Palmas. Realizado pelo Senar Tocantins, Clivar Reprodu\u00e7\u00e3o Bovina e MSD Sa\u00fade Animal, o evento reuniu produtores rurais, profissionais do setor, estudantes e representantes de empresas e institui\u00e7\u00f5es. &nbsp; [&hellip;]<\/p>\n","protected":false},"author":7,"featured_media":3615,"comment_status":"open","ping_status":"open","sticky":false,"template":"","format":"standard","meta":{"kia_subtitle":"","footnotes":""},"categories":[16,26],"tags":[],"class_list":["post-3613","post","type-post","status-publish","format-standard","has-post-thumbnail","hentry","category-feiras-e-eventos","category-noticia-principal"],"_links":{"self":[{"href":"https:\/\/sistemafaetsenar.org.br\/faet\/wp-json\/wp\/v2\/posts\/3613"}],"collection":[{"href":"https:\/\/sistemafaetsenar.org.br\/faet\/wp-json\/wp\/v2\/posts"}],"about":[{"href":"https:\/\/sistemafaetsenar.org.br\/faet\/wp-json\/wp\/v2\/types\/post"}],"author":[{"embeddable":true,"href":"https:\/\/sistemafaetsenar.org.br\/faet\/wp-json\/wp\/v2\/users\/7"}],"replies":[{"embeddable":true,"href":"https:\/\/sistemafaetsenar.org.br\/faet\/wp-json\/wp\/v2\/comments?post=3613"}],"version-history":[{"count":0,"href":"https:\/\/sistemafaetsenar.org.br\/faet\/wp-json\/wp\/v2\/posts\/3613\/revisions"}],"wp:featuredmedia":[{"embeddable":true,"href":"https:\/\/sistemafaetsenar.org.br\/faet\/wp-json\/wp\/v2\/media\/3615"}],"wp:attachment":[{"href":"https:\/\/sistemafaetsenar.org.br\/faet\/wp-json\/wp\/v2\/media?parent=3613"}],"wp:term":[{"taxonomy":"category","embeddable":true,"href":"https:\/\/sistemafaetsenar.org.br\/faet\/wp-json\/wp\/v2\/categories?post=3613"},{"taxonomy":"post_tag","embeddable":true,"href":"https:\/\/sistemafaetsenar.org.br\/faet\/wp-json\/wp\/v2\/tags?post=3613"}],"curies":[{"name":"wp","href":"https:\/\/api.w.org\/{rel}","templated":true}]}}