{"id":3610,"date":"2025-09-16T12:00:46","date_gmt":"2025-09-16T15:00:46","guid":{"rendered":"https:\/\/sistemafaetsenar.org.br\/faet\/?p=3610"},"modified":"2025-09-16T12:00:46","modified_gmt":"2025-09-16T15:00:46","slug":"faet-em-parceria-com-a-cna-promove-reuniao-de-atualizacao-do-estudo-do-complexo-agronegocio-do-cavalo","status":"publish","type":"post","link":"https:\/\/sistemafaetsenar.org.br\/faet\/faet-em-parceria-com-a-cna-promove-reuniao-de-atualizacao-do-estudo-do-complexo-agronegocio-do-cavalo\/","title":{"rendered":"FAET, em parceria com a CNA, promove reuni\u00e3o de atualiza\u00e7\u00e3o do Estudo do Complexo Agroneg\u00f3cio do Cavalo"},"content":{"rendered":"<p align=\"justify\">A Federa\u00e7\u00e3o de Agricultura e Pecu\u00e1ria do Tocantins (FAET), em conjunto com a Confedera\u00e7\u00e3o da Agricultura e Pecu\u00e1ria do Brasil (CNA) realizou uma reuni\u00e3o com produtores rurais, m\u00e9dicos veterin\u00e1rios, zootecnistas, representantes comerciais na \u00e1rea de insumos e empreendedores.<\/p>\n<p align=\"justify\">\n<p align=\"justify\">O objetivo do encontro foi realizar levantamento de dados sobre equideocultura no estado do Tocantins, a fim de contribuir com a atualiza\u00e7\u00e3o nacional do Estudo do Complexo do Agroneg\u00f3cio do Cavalo.<\/p>\n<p align=\"justify\">\n<p align=\"justify\">Segundo o Assessor de Rela\u00e7\u00f5es Institucionais, Luiz Claudio Faria, na oportunidade foram discutidas as vari\u00e1veis referentes \u00e0 realidade do estado, como: o quantitativo de animais\/categorias, os custos de produ\u00e7\u00e3o-\u00e1rea ocupada, alimenta\u00e7\u00e3o, estrutura, manejo e assist\u00eancia veterin\u00e1ria.<\/p>\n<p align=\"justify\">\n<p align=\"justify\">\u201cAl\u00e9m disso, tamb\u00e9m computamos dados sobre a movimenta\u00e7\u00e3o financeira que a atividade tr\u00e1s para o estado, por meio de participa\u00e7\u00e3o de eventos, transporte e investimento em instrumentos de montaria\u201d, destacou.<\/p>\n<p align=\"justify\">\n<p align=\"justify\">O estudo \u00e9 realizado pela CNA em parceria com a Escola Superior de Agricultura Luiz de Queiroz da Universidade de S\u00e3o Paulo (Esalq\/USP).<\/p>\n<p align=\"justify\">\n","protected":false},"excerpt":{"rendered":"<p>A Federa\u00e7\u00e3o de Agricultura e Pecu\u00e1ria do Tocantins (FAET), em conjunto com a Confedera\u00e7\u00e3o da Agricultura e Pecu\u00e1ria do Brasil (CNA) realizou uma reuni\u00e3o com produtores rurais, m\u00e9dicos veterin\u00e1rios, zootecnistas, representantes comerciais na \u00e1rea de insumos e empreendedores. O objetivo do encontro foi realizar levantamento de dados sobre equideocultura no estado do Tocantins, a fim [&hellip;]<\/p>\n","protected":false},"author":3,"featured_media":3611,"comment_status":"open","ping_status":"open","sticky":false,"template":"","format":"standard","meta":{"kia_subtitle":"","footnotes":""},"categories":[26],"tags":[],"class_list":["post-3610","post","type-post","status-publish","format-standard","has-post-thumbnail","hentry","category-noticia-principal"],"_links":{"self":[{"href":"https:\/\/sistemafaetsenar.org.br\/faet\/wp-json\/wp\/v2\/posts\/3610"}],"collection":[{"href":"https:\/\/sistemafaetsenar.org.br\/faet\/wp-json\/wp\/v2\/posts"}],"about":[{"href":"https:\/\/sistemafaetsenar.org.br\/faet\/wp-json\/wp\/v2\/types\/post"}],"author":[{"embeddable":true,"href":"https:\/\/sistemafaetsenar.org.br\/faet\/wp-json\/wp\/v2\/users\/3"}],"replies":[{"embeddable":true,"href":"https:\/\/sistemafaetsenar.org.br\/faet\/wp-json\/wp\/v2\/comments?post=3610"}],"version-history":[{"count":0,"href":"https:\/\/sistemafaetsenar.org.br\/faet\/wp-json\/wp\/v2\/posts\/3610\/revisions"}],"wp:featuredmedia":[{"embeddable":true,"href":"https:\/\/sistemafaetsenar.org.br\/faet\/wp-json\/wp\/v2\/media\/3611"}],"wp:attachment":[{"href":"https:\/\/sistemafaetsenar.org.br\/faet\/wp-json\/wp\/v2\/media?parent=3610"}],"wp:term":[{"taxonomy":"category","embeddable":true,"href":"https:\/\/sistemafaetsenar.org.br\/faet\/wp-json\/wp\/v2\/categories?post=3610"},{"taxonomy":"post_tag","embeddable":true,"href":"https:\/\/sistemafaetsenar.org.br\/faet\/wp-json\/wp\/v2\/tags?post=3610"}],"curies":[{"name":"wp","href":"https:\/\/api.w.org\/{rel}","templated":true}]}}