{"id":3605,"date":"2025-09-15T17:08:42","date_gmt":"2025-09-15T20:08:42","guid":{"rendered":"https:\/\/sistemafaetsenar.org.br\/faet\/?p=3605"},"modified":"2025-09-15T17:09:37","modified_gmt":"2025-09-15T20:09:37","slug":"ananas-sedia-a-7a-expoan-impulsionando-o-agronegocio-regional","status":"publish","type":"post","link":"https:\/\/sistemafaetsenar.org.br\/faet\/ananas-sedia-a-7a-expoan-impulsionando-o-agronegocio-regional\/","title":{"rendered":"Anan\u00e1s Sedia a 7\u00aa Expoan, Impulsionando o Agroneg\u00f3cio Regional"},"content":{"rendered":"<p><span style=\"font-weight: 400;\">Anan\u00e1s, munic\u00edpio localizado no norte do Tocantins, recebeu a 7\u00aa Expoan \u2013 Exposi\u00e7\u00e3o Agropecu\u00e1ria de Anan\u00e1s, realizada de 10 a 13 de setembro de 2025. O evento, promovido pelo Sindicato Rural de Anan\u00e1s em parceria com a FAET, Senar Tocantins e apoio do Governo do Tocantins, movimentou a economia local e fortaleceu o agroneg\u00f3cio regional.<\/span><\/p>\n<p>&nbsp;<\/p>\n<p><span style=\"font-weight: 400;\">Realizada no Parque de Exposi\u00e7\u00f5es D\u00e3o Batista, a Expoan apresentou uma programa\u00e7\u00e3o diversificada, incluindo rodeio, exposi\u00e7\u00f5es de m\u00e1quinas agr\u00edcolas e pra\u00e7a de alimenta\u00e7\u00e3o. A atra\u00e7\u00e3o cultural foi garantida com shows de artistas renomados como Gleydson Swing\u00e3o, Vitinho Real, Biu do Piseiro, FK 10 e a banda Kassik\u00f3, que animaram o p\u00fablico presente.<\/span><\/p>\n<p>&nbsp;<\/p>\n<p><span style=\"font-weight: 400;\">A 7\u00aa Expoan\u00a0 \u00e9 uma parceria do Sindicato Rural de Anan\u00e1s com a FAET, Senar Tocantins e com apoio da Secretaria Estadual da Ind\u00fastria, Com\u00e9rcio e Servi\u00e7os, Secretaria Estadual do Turismo, Conselho de Desenvolvimento Econ\u00f4mico (CDE), Programa de Impulsionamento da Ind\u00fastria, Com\u00e9rcio e Servi\u00e7os (PICS) e do Governo do Tocantins. O Agroforte \u00e9 uma iniciativa da FAET, SENAR, Sindicato Rural,\u00a0 com o apoio do Minist\u00e9rio da Agricultura e Pecu\u00e1ria (MAPA) e Governo Federal (TF 956148-2024)<\/span><\/p>\n","protected":false},"excerpt":{"rendered":"<p>Anan\u00e1s, munic\u00edpio localizado no norte do Tocantins, recebeu a 7\u00aa Expoan \u2013 Exposi\u00e7\u00e3o Agropecu\u00e1ria de Anan\u00e1s, realizada de 10 a 13 de setembro de 2025. O evento, promovido pelo Sindicato Rural de Anan\u00e1s em parceria com a FAET, Senar Tocantins e apoio do Governo do Tocantins, movimentou a economia local e fortaleceu o agroneg\u00f3cio regional. [&hellip;]<\/p>\n","protected":false},"author":7,"featured_media":3607,"comment_status":"open","ping_status":"open","sticky":false,"template":"","format":"standard","meta":{"kia_subtitle":"","footnotes":""},"categories":[1,16,26,58],"tags":[145,122,144,141,64],"class_list":["post-3605","post","type-post","status-publish","format-standard","has-post-thumbnail","hentry","category-blog","category-feiras-e-eventos","category-noticia-principal","category-sindicato-rural","tag-ananas","tag-expoagro","tag-expoan","tag-exposicao","tag-exposicao-agropecuaria"],"_links":{"self":[{"href":"https:\/\/sistemafaetsenar.org.br\/faet\/wp-json\/wp\/v2\/posts\/3605"}],"collection":[{"href":"https:\/\/sistemafaetsenar.org.br\/faet\/wp-json\/wp\/v2\/posts"}],"about":[{"href":"https:\/\/sistemafaetsenar.org.br\/faet\/wp-json\/wp\/v2\/types\/post"}],"author":[{"embeddable":true,"href":"https:\/\/sistemafaetsenar.org.br\/faet\/wp-json\/wp\/v2\/users\/7"}],"replies":[{"embeddable":true,"href":"https:\/\/sistemafaetsenar.org.br\/faet\/wp-json\/wp\/v2\/comments?post=3605"}],"version-history":[{"count":0,"href":"https:\/\/sistemafaetsenar.org.br\/faet\/wp-json\/wp\/v2\/posts\/3605\/revisions"}],"wp:featuredmedia":[{"embeddable":true,"href":"https:\/\/sistemafaetsenar.org.br\/faet\/wp-json\/wp\/v2\/media\/3607"}],"wp:attachment":[{"href":"https:\/\/sistemafaetsenar.org.br\/faet\/wp-json\/wp\/v2\/media?parent=3605"}],"wp:term":[{"taxonomy":"category","embeddable":true,"href":"https:\/\/sistemafaetsenar.org.br\/faet\/wp-json\/wp\/v2\/categories?post=3605"},{"taxonomy":"post_tag","embeddable":true,"href":"https:\/\/sistemafaetsenar.org.br\/faet\/wp-json\/wp\/v2\/tags?post=3605"}],"curies":[{"name":"wp","href":"https:\/\/api.w.org\/{rel}","templated":true}]}}